{"id":65662,"date":"2024-09-17T09:51:56","date_gmt":"2024-09-17T07:51:56","guid":{"rendered":"https:\/\/creadores.org\/?p=65662"},"modified":"2025-06-21T12:51:34","modified_gmt":"2025-06-21T10:51:34","slug":"skfk-moda-sostenible-y-upcycling-con-el-viento-como-herramienta","status":"publish","type":"post","link":"https:\/\/creadores.org\/?p=65662","title":{"rendered":"SKFK, moda sostenible y upcycling con el viento como herramienta"},"content":{"rendered":"<p><em><strong>Haizea<\/strong><\/em> significa viento en euskera y es tambi\u00e9n el nombre de la nueva colecci\u00f3n sostenible y upcycling que la firma vasca ha presentado en La Casa Encendida, dentro del marco de la <strong>Mercedes-Benz Fashion Week Madrid<\/strong>.<\/p>\n<p>Inspirada en el concepto del movimiento del aire y su capacidad para construir a partir de \u00e9l, es tambi\u00e9n un tributo a la rebeld\u00eda y el color. Esto se logra con la t\u00e9cnica del upcycling y el uso de velas de windsurf vintage de los a\u00f1os 80, a los que se otorga una nueva vida en forma de piezas de inspiraci\u00f3n outdoor con un toque deportivo perfecto para looks streetwear.<\/p>\n<p>De nuevo, la marca se reafirma en su compromiso medioambiental, demostrando que la sostenibilidad es la filosof\u00eda principal de la casa y que es posible crear prendas pr\u00eat-\u00e0-porter desde el dise\u00f1o, la creatividad y el arte.<\/p>\n<p>Los collares y tobilleras son de <strong>Signus<\/strong>, realizados a partir de polvo de neum\u00e1tico reciclado y hechos en Bilbao.<\/p>\n","protected":false},"excerpt":{"rendered":"<p>Haizea significa viento en euskera y es tambi\u00e9n el nombre de la nueva colecci\u00f3n sostenible y upcycling que la firma vasca ha presentado en La Casa Encendida, dentro del marco de la Mercedes-Benz Fashion Week Madrid. Inspirada en el concepto del movimiento del aire y su capacidad para construir a partir de \u00e9l, es tambi\u00e9n [&hellip;]<\/p>\n","protected":false},"author":4,"featured_media":65858,"comment_status":"closed","ping_status":"closed","sticky":false,"template":"","format":"standard","meta":{"footnotes":""},"categories":[1399],"tags":[],"class_list":["post-65662","post","type-post","status-publish","format-standard","has-post-thumbnail","hentry","category-primavera-verano-2025"],"yoast_head":"<!-- This site is optimized with the Yoast SEO plugin v28.3 - https:\/\/yoast.com\/product\/yoast-seo-wordpress\/ -->\n<title>SKFK, moda sostenible y upcycling con el viento como herramienta - Asociaci\u00f3n Creadores de Moda de Espa\u00f1a | ACME<\/title>\n<meta name=\"robots\" content=\"index, follow, max-snippet:-1, max-image-preview:large, max-video-preview:-1\" \/>\n<link rel=\"canonical\" href=\"https:\/\/creadores.org\/?p=65662\" \/>\n<meta property=\"og:locale\" content=\"es_ES\" \/>\n<meta property=\"og:type\" content=\"article\" \/>\n<meta property=\"og:title\" content=\"SKFK, moda sostenible y upcycling con el viento como herramienta - Asociaci\u00f3n Creadores de Moda de Espa\u00f1a | ACME\" \/>\n<meta property=\"og:description\" content=\"Haizea significa viento en euskera y es tambi\u00e9n el nombre de la nueva colecci\u00f3n sostenible y upcycling que la firma vasca ha presentado en La Casa Encendida, dentro del marco de la Mercedes-Benz Fashion Week Madrid. Inspirada en el concepto del movimiento del aire y su capacidad para construir a partir de \u00e9l, es tambi\u00e9n [&hellip;]\" \/>\n<meta property=\"og:url\" content=\"https:\/\/creadores.org\/?p=65662\" \/>\n<meta property=\"og:site_name\" content=\"Asociaci\u00f3n Creadores de Moda de Espa\u00f1a | ACME\" \/>\n<meta property=\"article:publisher\" content=\"https:\/\/www.facebook.com\/Asociaci%c3%b3n-Creadores-de-Moda-de-Espa%c3%b1a-297009471514\/\" \/>\n<meta property=\"article:published_time\" content=\"2024-09-17T07:51:56+00:00\" \/>\n<meta property=\"article:modified_time\" content=\"2025-06-21T10:51:34+00:00\" \/>\n<meta property=\"og:image\" content=\"https:\/\/creadores.org\/wp-content\/uploads\/2024\/09\/web-skfk-mbfwm-pv24-pablo-paniagua-0048.jpg\" \/>\n\t<meta property=\"og:image:width\" content=\"1080\" \/>\n\t<meta property=\"og:image:height\" content=\"720\" \/>\n\t<meta property=\"og:image:type\" content=\"image\/jpeg\" \/>\n<meta name=\"author\" content=\"Felipe\" \/>\n<meta name=\"twitter:card\" content=\"summary_large_image\" \/>\n<meta name=\"twitter:creator\" content=\"@creadoresacme\" \/>\n<meta name=\"twitter:site\" content=\"@creadoresacme\" \/>\n<meta name=\"twitter:label1\" content=\"Written by\" \/>\n\t<meta name=\"twitter:data1\" content=\"Felipe\" \/>\n\t<meta name=\"twitter:label2\" content=\"Est. reading time\" \/>\n\t<meta name=\"twitter:data2\" content=\"1 minuto\" \/>\n<script type=\"application\/ld+json\" class=\"yoast-schema-graph\">{\"@context\":\"https:\\\/\\\/schema.org\",\"@graph\":[{\"@type\":\"Article\",\"@id\":\"https:\\\/\\\/creadores.org\\\/?p=65662#article\",\"isPartOf\":{\"@id\":\"https:\\\/\\\/creadores.org\\\/?p=65662\"},\"author\":{\"name\":\"Felipe\",\"@id\":\"https:\\\/\\\/creadores.org\\\/#\\\/schema\\\/person\\\/fdf61cde9f2e71e9cefe26613b50a079\"},\"headline\":\"SKFK, moda sostenible y upcycling con el viento como herramienta\",\"datePublished\":\"2024-09-17T07:51:56+00:00\",\"dateModified\":\"2025-06-21T10:51:34+00:00\",\"mainEntityOfPage\":{\"@id\":\"https:\\\/\\\/creadores.org\\\/?p=65662\"},\"wordCount\":182,\"publisher\":{\"@id\":\"https:\\\/\\\/creadores.org\\\/#organization\"},\"image\":{\"@id\":\"https:\\\/\\\/creadores.org\\\/?p=65662#primaryimage\"},\"thumbnailUrl\":\"https:\\\/\\\/creadores.org\\\/wp-content\\\/uploads\\\/2024\\\/09\\\/web-skfk-mbfwm-pv24-pablo-paniagua-0048.jpg\",\"articleSection\":[\"Primavera-Verano 2025\"],\"inLanguage\":\"es\"},{\"@type\":\"WebPage\",\"@id\":\"https:\\\/\\\/creadores.org\\\/?p=65662\",\"url\":\"https:\\\/\\\/creadores.org\\\/?p=65662\",\"name\":\"SKFK, moda sostenible y upcycling con el viento como herramienta - Asociaci\u00f3n Creadores de Moda de Espa\u00f1a | ACME\",\"isPartOf\":{\"@id\":\"https:\\\/\\\/creadores.org\\\/#website\"},\"primaryImageOfPage\":{\"@id\":\"https:\\\/\\\/creadores.org\\\/?p=65662#primaryimage\"},\"image\":{\"@id\":\"https:\\\/\\\/creadores.org\\\/?p=65662#primaryimage\"},\"thumbnailUrl\":\"https:\\\/\\\/creadores.org\\\/wp-content\\\/uploads\\\/2024\\\/09\\\/web-skfk-mbfwm-pv24-pablo-paniagua-0048.jpg\",\"datePublished\":\"2024-09-17T07:51:56+00:00\",\"dateModified\":\"2025-06-21T10:51:34+00:00\",\"breadcrumb\":{\"@id\":\"https:\\\/\\\/creadores.org\\\/?p=65662#breadcrumb\"},\"inLanguage\":\"es\",\"potentialAction\":[{\"@type\":\"ReadAction\",\"target\":[\"https:\\\/\\\/creadores.org\\\/?p=65662\"]}]},{\"@type\":\"ImageObject\",\"inLanguage\":\"es\",\"@id\":\"https:\\\/\\\/creadores.org\\\/?p=65662#primaryimage\",\"url\":\"https:\\\/\\\/creadores.org\\\/wp-content\\\/uploads\\\/2024\\\/09\\\/web-skfk-mbfwm-pv24-pablo-paniagua-0048.jpg\",\"contentUrl\":\"https:\\\/\\\/creadores.org\\\/wp-content\\\/uploads\\\/2024\\\/09\\\/web-skfk-mbfwm-pv24-pablo-paniagua-0048.jpg\",\"width\":1080,\"height\":720},{\"@type\":\"BreadcrumbList\",\"@id\":\"https:\\\/\\\/creadores.org\\\/?p=65662#breadcrumb\",\"itemListElement\":[{\"@type\":\"ListItem\",\"position\":1,\"name\":\"Portada\",\"item\":\"https:\\\/\\\/creadores.org\\\/\"},{\"@type\":\"ListItem\",\"position\":2,\"name\":\"SKFK, moda sostenible y upcycling con el viento como herramienta\"}]},{\"@type\":\"WebSite\",\"@id\":\"https:\\\/\\\/creadores.org\\\/#website\",\"url\":\"https:\\\/\\\/creadores.org\\\/\",\"name\":\"Asociaci\u00f3n Creadores de Moda de Espa\u00f1a | ACME\",\"description\":\"La Asociaci\u00f3n Creadores de Moda de Espa\u00f1a (ACME) es una organizaci\u00f3n profesional sin \u00e1nimo de lucro fundada en 1988\",\"publisher\":{\"@id\":\"https:\\\/\\\/creadores.org\\\/#organization\"},\"potentialAction\":[{\"@type\":\"SearchAction\",\"target\":{\"@type\":\"EntryPoint\",\"urlTemplate\":\"https:\\\/\\\/creadores.org\\\/?s={search_term_string}\"},\"query-input\":{\"@type\":\"PropertyValueSpecification\",\"valueRequired\":true,\"valueName\":\"search_term_string\"}}],\"inLanguage\":\"es\"},{\"@type\":\"Organization\",\"@id\":\"https:\\\/\\\/creadores.org\\\/#organization\",\"name\":\"Asociaci\u00f3n Creadores de Moda de Espa\u00f1a | ACME\",\"url\":\"https:\\\/\\\/creadores.org\\\/\",\"logo\":{\"@type\":\"ImageObject\",\"inLanguage\":\"es\",\"@id\":\"https:\\\/\\\/creadores.org\\\/#\\\/schema\\\/logo\\\/image\\\/\",\"url\":\"https:\\\/\\\/creadores.org\\\/wp-content\\\/uploads\\\/2025\\\/06\\\/acme-logo.svg\",\"contentUrl\":\"https:\\\/\\\/creadores.org\\\/wp-content\\\/uploads\\\/2025\\\/06\\\/acme-logo.svg\",\"width\":650,\"height\":119,\"caption\":\"Asociaci\u00f3n Creadores de Moda de Espa\u00f1a | ACME\"},\"image\":{\"@id\":\"https:\\\/\\\/creadores.org\\\/#\\\/schema\\\/logo\\\/image\\\/\"},\"sameAs\":[\"https:\\\/\\\/www.facebook.com\\\/Asociaci\u00f3n-Creadores-de-Moda-de-Espa\u00f1a-297009471514\\\/\",\"https:\\\/\\\/x.com\\\/creadoresacme\",\"https:\\\/\\\/www.instagram.com\\\/creadoresacme\\\/\"]},{\"@type\":\"Person\",\"@id\":\"https:\\\/\\\/creadores.org\\\/#\\\/schema\\\/person\\\/fdf61cde9f2e71e9cefe26613b50a079\",\"name\":\"Felipe\"}]}<\/script>\n<!-- \/ Yoast SEO plugin. -->","yoast_head_json":{"title":"SKFK, moda sostenible y upcycling con el viento como herramienta - Asociaci\u00f3n Creadores de Moda de Espa\u00f1a | ACME","robots":{"index":"index","follow":"follow","max-snippet":"max-snippet:-1","max-image-preview":"max-image-preview:large","max-video-preview":"max-video-preview:-1"},"canonical":"https:\/\/creadores.org\/?p=65662","og_locale":"es_ES","og_type":"article","og_title":"SKFK, moda sostenible y upcycling con el viento como herramienta - Asociaci\u00f3n Creadores de Moda de Espa\u00f1a | ACME","og_description":"Haizea significa viento en euskera y es tambi\u00e9n el nombre de la nueva colecci\u00f3n sostenible y upcycling que la firma vasca ha presentado en La Casa Encendida, dentro del marco de la Mercedes-Benz Fashion Week Madrid. Inspirada en el concepto del movimiento del aire y su capacidad para construir a partir de \u00e9l, es tambi\u00e9n [&hellip;]","og_url":"https:\/\/creadores.org\/?p=65662","og_site_name":"Asociaci\u00f3n Creadores de Moda de Espa\u00f1a | ACME","article_publisher":"https:\/\/www.facebook.com\/Asociaci%c3%b3n-Creadores-de-Moda-de-Espa%c3%b1a-297009471514\/","article_published_time":"2024-09-17T07:51:56+00:00","article_modified_time":"2025-06-21T10:51:34+00:00","og_image":[{"width":1080,"height":720,"url":"https:\/\/creadores.org\/wp-content\/uploads\/2024\/09\/web-skfk-mbfwm-pv24-pablo-paniagua-0048.jpg","type":"image\/jpeg"}],"author":"Felipe","twitter_card":"summary_large_image","twitter_creator":"@creadoresacme","twitter_site":"@creadoresacme","twitter_misc":{"Written by":"Felipe","Est. reading time":"1 minuto"},"schema":{"@context":"https:\/\/schema.org","@graph":[{"@type":"Article","@id":"https:\/\/creadores.org\/?p=65662#article","isPartOf":{"@id":"https:\/\/creadores.org\/?p=65662"},"author":{"name":"Felipe","@id":"https:\/\/creadores.org\/#\/schema\/person\/fdf61cde9f2e71e9cefe26613b50a079"},"headline":"SKFK, moda sostenible y upcycling con el viento como herramienta","datePublished":"2024-09-17T07:51:56+00:00","dateModified":"2025-06-21T10:51:34+00:00","mainEntityOfPage":{"@id":"https:\/\/creadores.org\/?p=65662"},"wordCount":182,"publisher":{"@id":"https:\/\/creadores.org\/#organization"},"image":{"@id":"https:\/\/creadores.org\/?p=65662#primaryimage"},"thumbnailUrl":"https:\/\/creadores.org\/wp-content\/uploads\/2024\/09\/web-skfk-mbfwm-pv24-pablo-paniagua-0048.jpg","articleSection":["Primavera-Verano 2025"],"inLanguage":"es"},{"@type":"WebPage","@id":"https:\/\/creadores.org\/?p=65662","url":"https:\/\/creadores.org\/?p=65662","name":"SKFK, moda sostenible y upcycling con el viento como herramienta - Asociaci\u00f3n Creadores de Moda de Espa\u00f1a | ACME","isPartOf":{"@id":"https:\/\/creadores.org\/#website"},"primaryImageOfPage":{"@id":"https:\/\/creadores.org\/?p=65662#primaryimage"},"image":{"@id":"https:\/\/creadores.org\/?p=65662#primaryimage"},"thumbnailUrl":"https:\/\/creadores.org\/wp-content\/uploads\/2024\/09\/web-skfk-mbfwm-pv24-pablo-paniagua-0048.jpg","datePublished":"2024-09-17T07:51:56+00:00","dateModified":"2025-06-21T10:51:34+00:00","breadcrumb":{"@id":"https:\/\/creadores.org\/?p=65662#breadcrumb"},"inLanguage":"es","potentialAction":[{"@type":"ReadAction","target":["https:\/\/creadores.org\/?p=65662"]}]},{"@type":"ImageObject","inLanguage":"es","@id":"https:\/\/creadores.org\/?p=65662#primaryimage","url":"https:\/\/creadores.org\/wp-content\/uploads\/2024\/09\/web-skfk-mbfwm-pv24-pablo-paniagua-0048.jpg","contentUrl":"https:\/\/creadores.org\/wp-content\/uploads\/2024\/09\/web-skfk-mbfwm-pv24-pablo-paniagua-0048.jpg","width":1080,"height":720},{"@type":"BreadcrumbList","@id":"https:\/\/creadores.org\/?p=65662#breadcrumb","itemListElement":[{"@type":"ListItem","position":1,"name":"Portada","item":"https:\/\/creadores.org\/"},{"@type":"ListItem","position":2,"name":"SKFK, moda sostenible y upcycling con el viento como herramienta"}]},{"@type":"WebSite","@id":"https:\/\/creadores.org\/#website","url":"https:\/\/creadores.org\/","name":"Asociaci\u00f3n Creadores de Moda de Espa\u00f1a | ACME","description":"La Asociaci\u00f3n Creadores de Moda de Espa\u00f1a (ACME) es una organizaci\u00f3n profesional sin \u00e1nimo de lucro fundada en 1988","publisher":{"@id":"https:\/\/creadores.org\/#organization"},"potentialAction":[{"@type":"SearchAction","target":{"@type":"EntryPoint","urlTemplate":"https:\/\/creadores.org\/?s={search_term_string}"},"query-input":{"@type":"PropertyValueSpecification","valueRequired":true,"valueName":"search_term_string"}}],"inLanguage":"es"},{"@type":"Organization","@id":"https:\/\/creadores.org\/#organization","name":"Asociaci\u00f3n Creadores de Moda de Espa\u00f1a | ACME","url":"https:\/\/creadores.org\/","logo":{"@type":"ImageObject","inLanguage":"es","@id":"https:\/\/creadores.org\/#\/schema\/logo\/image\/","url":"https:\/\/creadores.org\/wp-content\/uploads\/2025\/06\/acme-logo.svg","contentUrl":"https:\/\/creadores.org\/wp-content\/uploads\/2025\/06\/acme-logo.svg","width":650,"height":119,"caption":"Asociaci\u00f3n Creadores de Moda de Espa\u00f1a | ACME"},"image":{"@id":"https:\/\/creadores.org\/#\/schema\/logo\/image\/"},"sameAs":["https:\/\/www.facebook.com\/Asociaci\u00f3n-Creadores-de-Moda-de-Espa\u00f1a-297009471514\/","https:\/\/x.com\/creadoresacme","https:\/\/www.instagram.com\/creadoresacme\/"]},{"@type":"Person","@id":"https:\/\/creadores.org\/#\/schema\/person\/fdf61cde9f2e71e9cefe26613b50a079","name":"Felipe"}]}},"_links":{"self":[{"href":"https:\/\/creadores.org\/index.php?rest_route=\/wp\/v2\/posts\/65662","targetHints":{"allow":["GET"]}}],"collection":[{"href":"https:\/\/creadores.org\/index.php?rest_route=\/wp\/v2\/posts"}],"about":[{"href":"https:\/\/creadores.org\/index.php?rest_route=\/wp\/v2\/types\/post"}],"author":[{"embeddable":true,"href":"https:\/\/creadores.org\/index.php?rest_route=\/wp\/v2\/users\/4"}],"replies":[{"embeddable":true,"href":"https:\/\/creadores.org\/index.php?rest_route=%2Fwp%2Fv2%2Fcomments&post=65662"}],"version-history":[{"count":1,"href":"https:\/\/creadores.org\/index.php?rest_route=\/wp\/v2\/posts\/65662\/revisions"}],"predecessor-version":[{"id":71752,"href":"https:\/\/creadores.org\/index.php?rest_route=\/wp\/v2\/posts\/65662\/revisions\/71752"}],"wp:featuredmedia":[{"embeddable":true,"href":"https:\/\/creadores.org\/index.php?rest_route=\/wp\/v2\/media\/65858"}],"wp:attachment":[{"href":"https:\/\/creadores.org\/index.php?rest_route=%2Fwp%2Fv2%2Fmedia&parent=65662"}],"wp:term":[{"taxonomy":"category","embeddable":true,"href":"https:\/\/creadores.org\/index.php?rest_route=%2Fwp%2Fv2%2Fcategories&post=65662"},{"taxonomy":"post_tag","embeddable":true,"href":"https:\/\/creadores.org\/index.php?rest_route=%2Fwp%2Fv2%2Ftags&post=65662"}],"curies":[{"name":"wp","href":"https:\/\/api.w.org\/{rel}","templated":true}]}}