{"id":666,"date":"2013-02-23T17:58:12","date_gmt":"2013-02-23T16:58:12","guid":{"rendered":"https:\/\/creadores.org\/?p=666"},"modified":"2025-07-02T09:17:48","modified_gmt":"2025-07-02T07:17:48","slug":"fashion-law-event","status":"publish","type":"post","link":"https:\/\/creadores.org\/fashion-law-event\/","title":{"rendered":"Fashion Law Event"},"content":{"rendered":"<p>La dise\u00f1adora Ana Locking y Luc\u00eda Cordeiro, directora ejecutiva de ACME, participan en Fashion Law Event, una Jornada sobre Derecho y Moda celebrada en el Museo del Traje de Madrid.<\/p>\n<p>El evento tiene como principal objetivo dar a conocer los diferentes mecanismos jur\u00eddicos que tutelan el sector de la moda, que constituye uno de los mayores activos de la econom\u00eda espa\u00f1ola.Organizado por el Museo del Traje CIPE, el Museo Crist\u00f3bal Balenciaga, la empresa Marqu\u00e9s&#038;Ferrer y la Consultor\u00eda MyStyle.bcn, Fashion Law Event cuenta con la participaci\u00f3n de diferentes profesionales especializados en la materia, que analizan esta rama del Derecho que trata los aspectos jur\u00eddicos relacionados con las creaciones e invenciones en la moda, su publicidad y venta.<\/p>\n","protected":false},"excerpt":{"rendered":"<p>La dise\u00f1adora Ana Locking y Luc\u00eda Cordeiro, directora ejecutiva de ACME, participan en Fashion Law Event, una Jornada sobre Derecho y Moda celebrada en el Museo del Traje de Madrid. El evento tiene como principal objetivo dar a conocer los diferentes mecanismos jur\u00eddicos que tutelan el sector de la moda, que constituye uno de los [&hellip;]<\/p>\n","protected":false},"author":1,"featured_media":82095,"comment_status":"closed","ping_status":"closed","sticky":false,"template":"","format":"standard","meta":{"footnotes":""},"categories":[6],"tags":[40],"class_list":["post-666","post","type-post","status-publish","format-standard","has-post-thumbnail","hentry","category-noticias","tag-foto_grande"],"yoast_head":"<!-- This site is optimized with the Yoast SEO plugin v28.4 - https:\/\/yoast.com\/product\/yoast-seo-wordpress\/ -->\n<title>Fashion Law Event - Asociaci\u00f3n Creadores de Moda de Espa\u00f1a | ACME<\/title>\n<meta name=\"robots\" content=\"index, follow, max-snippet:-1, max-image-preview:large, max-video-preview:-1\" \/>\n<link rel=\"canonical\" href=\"https:\/\/creadores.org\/fashion-law-event\/\" \/>\n<meta property=\"og:locale\" content=\"es_ES\" \/>\n<meta property=\"og:type\" content=\"article\" \/>\n<meta property=\"og:title\" content=\"Fashion Law Event - Asociaci\u00f3n Creadores de Moda de Espa\u00f1a | ACME\" \/>\n<meta property=\"og:description\" content=\"La dise\u00f1adora Ana Locking y Luc\u00eda Cordeiro, directora ejecutiva de ACME, participan en Fashion Law Event, una Jornada sobre Derecho y Moda celebrada en el Museo del Traje de Madrid. El evento tiene como principal objetivo dar a conocer los diferentes mecanismos jur\u00eddicos que tutelan el sector de la moda, que constituye uno de los [&hellip;]\" \/>\n<meta property=\"og:url\" content=\"https:\/\/creadores.org\/fashion-law-event\/\" \/>\n<meta property=\"og:site_name\" content=\"Asociaci\u00f3n Creadores de Moda de Espa\u00f1a | ACME\" \/>\n<meta property=\"article:publisher\" content=\"https:\/\/www.facebook.com\/Asociaci%c3%b3n-Creadores-de-Moda-de-Espa%c3%b1a-297009471514\/\" \/>\n<meta property=\"article:published_time\" content=\"2013-02-23T16:58:12+00:00\" \/>\n<meta property=\"article:modified_time\" content=\"2025-07-02T07:17:48+00:00\" \/>\n<meta property=\"og:image\" content=\"https:\/\/creadores.org\/wp-content\/uploads\/2013\/02\/fashion-law-event.jpg\" \/>\n\t<meta property=\"og:image:width\" content=\"1600\" \/>\n\t<meta property=\"og:image:height\" content=\"767\" \/>\n\t<meta property=\"og:image:type\" content=\"image\/jpeg\" \/>\n<meta name=\"author\" content=\"creadores\" \/>\n<meta name=\"twitter:card\" content=\"summary_large_image\" \/>\n<meta name=\"twitter:creator\" content=\"@creadoresacme\" \/>\n<meta name=\"twitter:site\" content=\"@creadoresacme\" \/>\n<meta name=\"twitter:label1\" content=\"Escrito por\" \/>\n\t<meta name=\"twitter:data1\" content=\"creadores\" \/>\n\t<meta name=\"twitter:label2\" content=\"Tiempo de lectura\" \/>\n\t<meta name=\"twitter:data2\" content=\"1 minuto\" \/>\n<script type=\"application\/ld+json\" class=\"yoast-schema-graph\">{\"@context\":\"https:\\\/\\\/schema.org\",\"@graph\":[{\"@type\":\"Article\",\"@id\":\"https:\\\/\\\/creadores.org\\\/fashion-law-event\\\/#article\",\"isPartOf\":{\"@id\":\"https:\\\/\\\/creadores.org\\\/fashion-law-event\\\/\"},\"author\":{\"name\":\"creadores\",\"@id\":\"https:\\\/\\\/creadores.org\\\/#\\\/schema\\\/person\\\/b8f74b2b311ece74620ebea69597b3e0\"},\"headline\":\"Fashion Law Event\",\"datePublished\":\"2013-02-23T16:58:12+00:00\",\"dateModified\":\"2025-07-02T07:17:48+00:00\",\"mainEntityOfPage\":{\"@id\":\"https:\\\/\\\/creadores.org\\\/fashion-law-event\\\/\"},\"wordCount\":132,\"publisher\":{\"@id\":\"https:\\\/\\\/creadores.org\\\/#organization\"},\"image\":{\"@id\":\"https:\\\/\\\/creadores.org\\\/fashion-law-event\\\/#primaryimage\"},\"thumbnailUrl\":\"https:\\\/\\\/creadores.org\\\/wp-content\\\/uploads\\\/2025\\\/06\\\/fashion-law-event.jpg-2.jpg\",\"keywords\":[\"foto_grande\"],\"articleSection\":[\"Noticias\"],\"inLanguage\":\"es\"},{\"@type\":\"WebPage\",\"@id\":\"https:\\\/\\\/creadores.org\\\/fashion-law-event\\\/\",\"url\":\"https:\\\/\\\/creadores.org\\\/fashion-law-event\\\/\",\"name\":\"Fashion Law Event - Asociaci\u00f3n Creadores de Moda de Espa\u00f1a | ACME\",\"isPartOf\":{\"@id\":\"https:\\\/\\\/creadores.org\\\/#website\"},\"primaryImageOfPage\":{\"@id\":\"https:\\\/\\\/creadores.org\\\/fashion-law-event\\\/#primaryimage\"},\"image\":{\"@id\":\"https:\\\/\\\/creadores.org\\\/fashion-law-event\\\/#primaryimage\"},\"thumbnailUrl\":\"https:\\\/\\\/creadores.org\\\/wp-content\\\/uploads\\\/2025\\\/06\\\/fashion-law-event.jpg-2.jpg\",\"datePublished\":\"2013-02-23T16:58:12+00:00\",\"dateModified\":\"2025-07-02T07:17:48+00:00\",\"breadcrumb\":{\"@id\":\"https:\\\/\\\/creadores.org\\\/fashion-law-event\\\/#breadcrumb\"},\"inLanguage\":\"es\",\"potentialAction\":[{\"@type\":\"ReadAction\",\"target\":[\"https:\\\/\\\/creadores.org\\\/fashion-law-event\\\/\"]}]},{\"@type\":\"ImageObject\",\"inLanguage\":\"es\",\"@id\":\"https:\\\/\\\/creadores.org\\\/fashion-law-event\\\/#primaryimage\",\"url\":\"https:\\\/\\\/creadores.org\\\/wp-content\\\/uploads\\\/2025\\\/06\\\/fashion-law-event.jpg-2.jpg\",\"contentUrl\":\"https:\\\/\\\/creadores.org\\\/wp-content\\\/uploads\\\/2025\\\/06\\\/fashion-law-event.jpg-2.jpg\",\"width\":1200,\"height\":575},{\"@type\":\"BreadcrumbList\",\"@id\":\"https:\\\/\\\/creadores.org\\\/fashion-law-event\\\/#breadcrumb\",\"itemListElement\":[{\"@type\":\"ListItem\",\"position\":1,\"name\":\"Portada\",\"item\":\"https:\\\/\\\/creadores.org\\\/\"},{\"@type\":\"ListItem\",\"position\":2,\"name\":\"Fashion Law Event\"}]},{\"@type\":\"WebSite\",\"@id\":\"https:\\\/\\\/creadores.org\\\/#website\",\"url\":\"https:\\\/\\\/creadores.org\\\/\",\"name\":\"Asociaci\u00f3n Creadores de Moda de Espa\u00f1a | ACME\",\"description\":\"La Asociaci\u00f3n Creadores de Moda de Espa\u00f1a (ACME) es una organizaci\u00f3n profesional sin \u00e1nimo de lucro fundada en 1988\",\"publisher\":{\"@id\":\"https:\\\/\\\/creadores.org\\\/#organization\"},\"potentialAction\":[{\"@type\":\"SearchAction\",\"target\":{\"@type\":\"EntryPoint\",\"urlTemplate\":\"https:\\\/\\\/creadores.org\\\/?s={search_term_string}\"},\"query-input\":{\"@type\":\"PropertyValueSpecification\",\"valueRequired\":true,\"valueName\":\"search_term_string\"}}],\"inLanguage\":\"es\"},{\"@type\":\"Organization\",\"@id\":\"https:\\\/\\\/creadores.org\\\/#organization\",\"name\":\"Asociaci\u00f3n Creadores de Moda de Espa\u00f1a | ACME\",\"url\":\"https:\\\/\\\/creadores.org\\\/\",\"logo\":{\"@type\":\"ImageObject\",\"inLanguage\":\"es\",\"@id\":\"https:\\\/\\\/creadores.org\\\/#\\\/schema\\\/logo\\\/image\\\/\",\"url\":\"https:\\\/\\\/creadores.org\\\/wp-content\\\/uploads\\\/2025\\\/06\\\/acme-logo.svg\",\"contentUrl\":\"https:\\\/\\\/creadores.org\\\/wp-content\\\/uploads\\\/2025\\\/06\\\/acme-logo.svg\",\"width\":650,\"height\":119,\"caption\":\"Asociaci\u00f3n Creadores de Moda de Espa\u00f1a | ACME\"},\"image\":{\"@id\":\"https:\\\/\\\/creadores.org\\\/#\\\/schema\\\/logo\\\/image\\\/\"},\"sameAs\":[\"https:\\\/\\\/www.facebook.com\\\/Asociaci\u00f3n-Creadores-de-Moda-de-Espa\u00f1a-297009471514\\\/\",\"https:\\\/\\\/x.com\\\/creadoresacme\",\"https:\\\/\\\/www.instagram.com\\\/creadoresacme\\\/\"]},{\"@type\":\"Person\",\"@id\":\"https:\\\/\\\/creadores.org\\\/#\\\/schema\\\/person\\\/b8f74b2b311ece74620ebea69597b3e0\",\"name\":\"creadores\"}]}<\/script>\n<!-- \/ Yoast SEO plugin. -->","yoast_head_json":{"title":"Fashion Law Event - Asociaci\u00f3n Creadores de Moda de Espa\u00f1a | ACME","robots":{"index":"index","follow":"follow","max-snippet":"max-snippet:-1","max-image-preview":"max-image-preview:large","max-video-preview":"max-video-preview:-1"},"canonical":"https:\/\/creadores.org\/fashion-law-event\/","og_locale":"es_ES","og_type":"article","og_title":"Fashion Law Event - Asociaci\u00f3n Creadores de Moda de Espa\u00f1a | ACME","og_description":"La dise\u00f1adora Ana Locking y Luc\u00eda Cordeiro, directora ejecutiva de ACME, participan en Fashion Law Event, una Jornada sobre Derecho y Moda celebrada en el Museo del Traje de Madrid. El evento tiene como principal objetivo dar a conocer los diferentes mecanismos jur\u00eddicos que tutelan el sector de la moda, que constituye uno de los [&hellip;]","og_url":"https:\/\/creadores.org\/fashion-law-event\/","og_site_name":"Asociaci\u00f3n Creadores de Moda de Espa\u00f1a | ACME","article_publisher":"https:\/\/www.facebook.com\/Asociaci%c3%b3n-Creadores-de-Moda-de-Espa%c3%b1a-297009471514\/","article_published_time":"2013-02-23T16:58:12+00:00","article_modified_time":"2025-07-02T07:17:48+00:00","og_image":[{"width":1600,"height":767,"url":"https:\/\/creadores.org\/wp-content\/uploads\/2013\/02\/fashion-law-event.jpg","type":"image\/jpeg"}],"author":"creadores","twitter_card":"summary_large_image","twitter_creator":"@creadoresacme","twitter_site":"@creadoresacme","twitter_misc":{"Escrito por":"creadores","Tiempo de lectura":"1 minuto"},"schema":{"@context":"https:\/\/schema.org","@graph":[{"@type":"Article","@id":"https:\/\/creadores.org\/fashion-law-event\/#article","isPartOf":{"@id":"https:\/\/creadores.org\/fashion-law-event\/"},"author":{"name":"creadores","@id":"https:\/\/creadores.org\/#\/schema\/person\/b8f74b2b311ece74620ebea69597b3e0"},"headline":"Fashion Law Event","datePublished":"2013-02-23T16:58:12+00:00","dateModified":"2025-07-02T07:17:48+00:00","mainEntityOfPage":{"@id":"https:\/\/creadores.org\/fashion-law-event\/"},"wordCount":132,"publisher":{"@id":"https:\/\/creadores.org\/#organization"},"image":{"@id":"https:\/\/creadores.org\/fashion-law-event\/#primaryimage"},"thumbnailUrl":"https:\/\/creadores.org\/wp-content\/uploads\/2025\/06\/fashion-law-event.jpg-2.jpg","keywords":["foto_grande"],"articleSection":["Noticias"],"inLanguage":"es"},{"@type":"WebPage","@id":"https:\/\/creadores.org\/fashion-law-event\/","url":"https:\/\/creadores.org\/fashion-law-event\/","name":"Fashion Law Event - Asociaci\u00f3n Creadores de Moda de Espa\u00f1a | ACME","isPartOf":{"@id":"https:\/\/creadores.org\/#website"},"primaryImageOfPage":{"@id":"https:\/\/creadores.org\/fashion-law-event\/#primaryimage"},"image":{"@id":"https:\/\/creadores.org\/fashion-law-event\/#primaryimage"},"thumbnailUrl":"https:\/\/creadores.org\/wp-content\/uploads\/2025\/06\/fashion-law-event.jpg-2.jpg","datePublished":"2013-02-23T16:58:12+00:00","dateModified":"2025-07-02T07:17:48+00:00","breadcrumb":{"@id":"https:\/\/creadores.org\/fashion-law-event\/#breadcrumb"},"inLanguage":"es","potentialAction":[{"@type":"ReadAction","target":["https:\/\/creadores.org\/fashion-law-event\/"]}]},{"@type":"ImageObject","inLanguage":"es","@id":"https:\/\/creadores.org\/fashion-law-event\/#primaryimage","url":"https:\/\/creadores.org\/wp-content\/uploads\/2025\/06\/fashion-law-event.jpg-2.jpg","contentUrl":"https:\/\/creadores.org\/wp-content\/uploads\/2025\/06\/fashion-law-event.jpg-2.jpg","width":1200,"height":575},{"@type":"BreadcrumbList","@id":"https:\/\/creadores.org\/fashion-law-event\/#breadcrumb","itemListElement":[{"@type":"ListItem","position":1,"name":"Portada","item":"https:\/\/creadores.org\/"},{"@type":"ListItem","position":2,"name":"Fashion Law Event"}]},{"@type":"WebSite","@id":"https:\/\/creadores.org\/#website","url":"https:\/\/creadores.org\/","name":"Asociaci\u00f3n Creadores de Moda de Espa\u00f1a | ACME","description":"La Asociaci\u00f3n Creadores de Moda de Espa\u00f1a (ACME) es una organizaci\u00f3n profesional sin \u00e1nimo de lucro fundada en 1988","publisher":{"@id":"https:\/\/creadores.org\/#organization"},"potentialAction":[{"@type":"SearchAction","target":{"@type":"EntryPoint","urlTemplate":"https:\/\/creadores.org\/?s={search_term_string}"},"query-input":{"@type":"PropertyValueSpecification","valueRequired":true,"valueName":"search_term_string"}}],"inLanguage":"es"},{"@type":"Organization","@id":"https:\/\/creadores.org\/#organization","name":"Asociaci\u00f3n Creadores de Moda de Espa\u00f1a | ACME","url":"https:\/\/creadores.org\/","logo":{"@type":"ImageObject","inLanguage":"es","@id":"https:\/\/creadores.org\/#\/schema\/logo\/image\/","url":"https:\/\/creadores.org\/wp-content\/uploads\/2025\/06\/acme-logo.svg","contentUrl":"https:\/\/creadores.org\/wp-content\/uploads\/2025\/06\/acme-logo.svg","width":650,"height":119,"caption":"Asociaci\u00f3n Creadores de Moda de Espa\u00f1a | ACME"},"image":{"@id":"https:\/\/creadores.org\/#\/schema\/logo\/image\/"},"sameAs":["https:\/\/www.facebook.com\/Asociaci\u00f3n-Creadores-de-Moda-de-Espa\u00f1a-297009471514\/","https:\/\/x.com\/creadoresacme","https:\/\/www.instagram.com\/creadoresacme\/"]},{"@type":"Person","@id":"https:\/\/creadores.org\/#\/schema\/person\/b8f74b2b311ece74620ebea69597b3e0","name":"creadores"}]}},"_links":{"self":[{"href":"https:\/\/creadores.org\/wp-json\/wp\/v2\/posts\/666","targetHints":{"allow":["GET"]}}],"collection":[{"href":"https:\/\/creadores.org\/wp-json\/wp\/v2\/posts"}],"about":[{"href":"https:\/\/creadores.org\/wp-json\/wp\/v2\/types\/post"}],"author":[{"embeddable":true,"href":"https:\/\/creadores.org\/wp-json\/wp\/v2\/users\/1"}],"replies":[{"embeddable":true,"href":"https:\/\/creadores.org\/wp-json\/wp\/v2\/comments?post=666"}],"version-history":[{"count":4,"href":"https:\/\/creadores.org\/wp-json\/wp\/v2\/posts\/666\/revisions"}],"predecessor-version":[{"id":82097,"href":"https:\/\/creadores.org\/wp-json\/wp\/v2\/posts\/666\/revisions\/82097"}],"wp:featuredmedia":[{"embeddable":true,"href":"https:\/\/creadores.org\/wp-json\/wp\/v2\/media\/82095"}],"wp:attachment":[{"href":"https:\/\/creadores.org\/wp-json\/wp\/v2\/media?parent=666"}],"wp:term":[{"taxonomy":"category","embeddable":true,"href":"https:\/\/creadores.org\/wp-json\/wp\/v2\/categories?post=666"},{"taxonomy":"post_tag","embeddable":true,"href":"https:\/\/creadores.org\/wp-json\/wp\/v2\/tags?post=666"}],"curies":[{"name":"wp","href":"https:\/\/api.w.org\/{rel}","templated":true}]}}