{"id":71222,"date":"2025-05-08T11:40:32","date_gmt":"2025-05-08T09:40:32","guid":{"rendered":"https:\/\/creadores.org\/?p=71222"},"modified":"2025-06-21T12:52:37","modified_gmt":"2025-06-21T10:52:37","slug":"skfk-lanza-su-primera-coleccion-capsula-con-certificacion-fsc-moda-responsable-desde-el-origen","status":"publish","type":"post","link":"https:\/\/creadores.org\/?p=71222","title":{"rendered":"SKFK lanza su primera colecci\u00f3n c\u00e1psula con certificaci\u00f3n FSC\u00ae: moda responsable desde el origen"},"content":{"rendered":"<p>La firma vasca <a href=\"https:\/\/www.skfk-ethical-fashion.com\/\" target=\"_blank\" rel=\"noopener noreferrer nofollow\"><b>SKFK<\/b><\/a> refuerza su liderazgo en moda sostenible con el lanzamiento de su primera colecci\u00f3n c\u00e1psula certificada por <b><a href=\"https:\/\/fsc.org\/\" target=\"_blank\" rel=\"noopener noreferrer nofollow\">FSC<\/a>\u00ae (Forest Stewardship Council)<\/b>, organismo que garantiza una gesti\u00f3n responsable de los bosques en todo el mundo. Esta iniciativa posiciona a SKFK como la <b>primera marca de moda espa\u00f1ola<\/b> en adherirse al <i>Fashion Forever Green Pact<\/i>, acuerdo internacional promovido por FSC\u00ae que impulsa el uso de fibras celul\u00f3sicas certificadas y combate activamente la deforestaci\u00f3n y la p\u00e9rdida de biodiversidad.<\/p>\n<p>M\u00e1s all\u00e1 de una colecci\u00f3n, esta c\u00e1psula representa un compromiso tangible con una moda que respeta tanto el entorno como a las personas que la hacen posible. Cada prenda ha sido concebida de forma hol\u00edstica: <b>tejidos desarrollados desde cero en Espa\u00f1a<\/b> (Textil Santanderina), producci\u00f3n en <b>talleres certificados en Portugal<\/b> y una <b>cadena de custodia completa y trazable<\/b>, avalada por la certificaci\u00f3n FSC\u00ae.<\/p>\n<p>Este control integral del proceso permite a SKFK <b>dise\u00f1ar, desarrollar y confeccionar cada tejido<\/b> con total autonom\u00eda, asegurando altos est\u00e1ndares de calidad y sostenibilidad. Tal como afirma la firma: \u201cNo compramos tejidos ya hechos, sino que los desarrollamos desde cero para garantizar control total sobre su calidad y sostenibilidad\u201d.<\/p>\n<p>que reflejan los valores de la marca: identidad, innovaci\u00f3n y responsabilidad.<\/p>\n<ul>\n<li><b>Chaqueta Mendia<\/b>: reinterpretaci\u00f3n del tradicional <i>kaiku<\/i> vasco, fusiona la herencia cultural con una est\u00e9tica contempor\u00e1nea.<\/li>\n<li><b>Vestido Zero Waste<\/b>: una prenda dise\u00f1ada para minimizar los residuos textiles durante su confecci\u00f3n, optimizando el uso del tejido.<\/li>\n<li><b>Pantal\u00f3n geom\u00e9trico<\/b>: destaca por sus l\u00edneas limpias y estructuradas, reflejando el enfoque art\u00edstico y funcional de SKFK.<\/li>\n<\/ul>\n<p>Cada acabado, color y estampado ha sido cuidadosamente elegido mediante t\u00e9cnicas de tintura responsables, con el objetivo de lograr un equilibrio entre creatividad, autenticidad y funcionalidad.<\/p>\n<p>Con esta colecci\u00f3n, SKFK demuestra que es posible crear moda con impacto positivo desde el origen, apostando por una cadena de valor transparente, \u00e9tica y comprometida con el planeta.<\/p>\n","protected":false},"excerpt":{"rendered":"<p>La firma vasca SKFK refuerza su liderazgo en moda sostenible con el lanzamiento de su primera colecci\u00f3n c\u00e1psula certificada por FSC\u00ae (Forest Stewardship Council), organismo que garantiza una gesti\u00f3n responsable de los bosques en todo el mundo. Esta iniciativa posiciona a SKFK como la primera marca de moda espa\u00f1ola en adherirse al Fashion Forever Green [&hellip;]<\/p>\n","protected":false},"author":4,"featured_media":71239,"comment_status":"closed","ping_status":"closed","sticky":false,"template":"","format":"standard","meta":{"footnotes":""},"categories":[6],"tags":[1459,1414],"class_list":["post-71222","post","type-post","status-publish","format-standard","has-post-thumbnail","hentry","category-noticias","tag-fsc","tag-skfk"],"yoast_head":"<!-- This site is optimized with the Yoast SEO plugin v28.3 - https:\/\/yoast.com\/product\/yoast-seo-wordpress\/ -->\n<title>SKFK lanza su primera colecci\u00f3n c\u00e1psula con certificaci\u00f3n FSC\u00ae: moda responsable desde el origen - Asociaci\u00f3n Creadores de Moda de Espa\u00f1a | ACME<\/title>\n<meta name=\"robots\" content=\"index, follow, max-snippet:-1, max-image-preview:large, max-video-preview:-1\" \/>\n<link rel=\"canonical\" href=\"https:\/\/creadores.org\/?p=71222\" \/>\n<meta property=\"og:locale\" content=\"es_ES\" \/>\n<meta property=\"og:type\" content=\"article\" \/>\n<meta property=\"og:title\" content=\"SKFK lanza su primera colecci\u00f3n c\u00e1psula con certificaci\u00f3n FSC\u00ae: moda responsable desde el origen - Asociaci\u00f3n Creadores de Moda de Espa\u00f1a | ACME\" \/>\n<meta property=\"og:description\" content=\"La firma vasca SKFK refuerza su liderazgo en moda sostenible con el lanzamiento de su primera colecci\u00f3n c\u00e1psula certificada por FSC\u00ae (Forest Stewardship Council), organismo que garantiza una gesti\u00f3n responsable de los bosques en todo el mundo. Esta iniciativa posiciona a SKFK como la primera marca de moda espa\u00f1ola en adherirse al Fashion Forever Green [&hellip;]\" \/>\n<meta property=\"og:url\" content=\"https:\/\/creadores.org\/?p=71222\" \/>\n<meta property=\"og:site_name\" content=\"Asociaci\u00f3n Creadores de Moda de Espa\u00f1a | ACME\" \/>\n<meta property=\"article:publisher\" content=\"https:\/\/www.facebook.com\/Asociaci%c3%b3n-Creadores-de-Moda-de-Espa%c3%b1a-297009471514\/\" \/>\n<meta property=\"article:published_time\" content=\"2025-05-08T09:40:32+00:00\" \/>\n<meta property=\"article:modified_time\" content=\"2025-06-21T10:52:37+00:00\" \/>\n<meta property=\"og:image\" content=\"https:\/\/creadores.org\/wp-content\/uploads\/2025\/05\/SKFK-01-PORTADA-.jpg\" \/>\n\t<meta property=\"og:image:width\" content=\"1200\" \/>\n\t<meta property=\"og:image:height\" content=\"800\" \/>\n\t<meta property=\"og:image:type\" content=\"image\/jpeg\" \/>\n<meta name=\"author\" content=\"Felipe\" \/>\n<meta name=\"twitter:card\" content=\"summary_large_image\" \/>\n<meta name=\"twitter:creator\" content=\"@creadoresacme\" \/>\n<meta name=\"twitter:site\" content=\"@creadoresacme\" \/>\n<meta name=\"twitter:label1\" content=\"Written by\" \/>\n\t<meta name=\"twitter:data1\" content=\"Felipe\" \/>\n\t<meta name=\"twitter:label2\" content=\"Est. reading time\" \/>\n\t<meta name=\"twitter:data2\" content=\"2 minutos\" \/>\n<script type=\"application\/ld+json\" class=\"yoast-schema-graph\">{\"@context\":\"https:\\\/\\\/schema.org\",\"@graph\":[{\"@type\":\"Article\",\"@id\":\"https:\\\/\\\/creadores.org\\\/?p=71222#article\",\"isPartOf\":{\"@id\":\"https:\\\/\\\/creadores.org\\\/?p=71222\"},\"author\":{\"name\":\"Felipe\",\"@id\":\"https:\\\/\\\/creadores.org\\\/#\\\/schema\\\/person\\\/fdf61cde9f2e71e9cefe26613b50a079\"},\"headline\":\"SKFK lanza su primera colecci\u00f3n c\u00e1psula con certificaci\u00f3n FSC\u00ae: moda responsable desde el origen\",\"datePublished\":\"2025-05-08T09:40:32+00:00\",\"dateModified\":\"2025-06-21T10:52:37+00:00\",\"mainEntityOfPage\":{\"@id\":\"https:\\\/\\\/creadores.org\\\/?p=71222\"},\"wordCount\":353,\"publisher\":{\"@id\":\"https:\\\/\\\/creadores.org\\\/#organization\"},\"image\":{\"@id\":\"https:\\\/\\\/creadores.org\\\/?p=71222#primaryimage\"},\"thumbnailUrl\":\"https:\\\/\\\/creadores.org\\\/wp-content\\\/uploads\\\/2025\\\/05\\\/SKFK-01-PORTADA-.jpg\",\"keywords\":[\"FSC\",\"SKFK\"],\"articleSection\":[\"Noticias\"],\"inLanguage\":\"es\"},{\"@type\":\"WebPage\",\"@id\":\"https:\\\/\\\/creadores.org\\\/?p=71222\",\"url\":\"https:\\\/\\\/creadores.org\\\/?p=71222\",\"name\":\"SKFK lanza su primera colecci\u00f3n c\u00e1psula con certificaci\u00f3n FSC\u00ae: moda responsable desde el origen - Asociaci\u00f3n Creadores de Moda de Espa\u00f1a | ACME\",\"isPartOf\":{\"@id\":\"https:\\\/\\\/creadores.org\\\/#website\"},\"primaryImageOfPage\":{\"@id\":\"https:\\\/\\\/creadores.org\\\/?p=71222#primaryimage\"},\"image\":{\"@id\":\"https:\\\/\\\/creadores.org\\\/?p=71222#primaryimage\"},\"thumbnailUrl\":\"https:\\\/\\\/creadores.org\\\/wp-content\\\/uploads\\\/2025\\\/05\\\/SKFK-01-PORTADA-.jpg\",\"datePublished\":\"2025-05-08T09:40:32+00:00\",\"dateModified\":\"2025-06-21T10:52:37+00:00\",\"breadcrumb\":{\"@id\":\"https:\\\/\\\/creadores.org\\\/?p=71222#breadcrumb\"},\"inLanguage\":\"es\",\"potentialAction\":[{\"@type\":\"ReadAction\",\"target\":[\"https:\\\/\\\/creadores.org\\\/?p=71222\"]}]},{\"@type\":\"ImageObject\",\"inLanguage\":\"es\",\"@id\":\"https:\\\/\\\/creadores.org\\\/?p=71222#primaryimage\",\"url\":\"https:\\\/\\\/creadores.org\\\/wp-content\\\/uploads\\\/2025\\\/05\\\/SKFK-01-PORTADA-.jpg\",\"contentUrl\":\"https:\\\/\\\/creadores.org\\\/wp-content\\\/uploads\\\/2025\\\/05\\\/SKFK-01-PORTADA-.jpg\",\"width\":1200,\"height\":800},{\"@type\":\"BreadcrumbList\",\"@id\":\"https:\\\/\\\/creadores.org\\\/?p=71222#breadcrumb\",\"itemListElement\":[{\"@type\":\"ListItem\",\"position\":1,\"name\":\"Portada\",\"item\":\"https:\\\/\\\/creadores.org\\\/\"},{\"@type\":\"ListItem\",\"position\":2,\"name\":\"SKFK lanza su primera colecci\u00f3n c\u00e1psula con certificaci\u00f3n FSC\u00ae: moda responsable desde el origen\"}]},{\"@type\":\"WebSite\",\"@id\":\"https:\\\/\\\/creadores.org\\\/#website\",\"url\":\"https:\\\/\\\/creadores.org\\\/\",\"name\":\"Asociaci\u00f3n Creadores de Moda de Espa\u00f1a | ACME\",\"description\":\"La Asociaci\u00f3n Creadores de Moda de Espa\u00f1a (ACME) es una organizaci\u00f3n profesional sin \u00e1nimo de lucro fundada en 1988\",\"publisher\":{\"@id\":\"https:\\\/\\\/creadores.org\\\/#organization\"},\"potentialAction\":[{\"@type\":\"SearchAction\",\"target\":{\"@type\":\"EntryPoint\",\"urlTemplate\":\"https:\\\/\\\/creadores.org\\\/?s={search_term_string}\"},\"query-input\":{\"@type\":\"PropertyValueSpecification\",\"valueRequired\":true,\"valueName\":\"search_term_string\"}}],\"inLanguage\":\"es\"},{\"@type\":\"Organization\",\"@id\":\"https:\\\/\\\/creadores.org\\\/#organization\",\"name\":\"Asociaci\u00f3n Creadores de Moda de Espa\u00f1a | ACME\",\"url\":\"https:\\\/\\\/creadores.org\\\/\",\"logo\":{\"@type\":\"ImageObject\",\"inLanguage\":\"es\",\"@id\":\"https:\\\/\\\/creadores.org\\\/#\\\/schema\\\/logo\\\/image\\\/\",\"url\":\"https:\\\/\\\/creadores.org\\\/wp-content\\\/uploads\\\/2025\\\/06\\\/acme-logo.svg\",\"contentUrl\":\"https:\\\/\\\/creadores.org\\\/wp-content\\\/uploads\\\/2025\\\/06\\\/acme-logo.svg\",\"width\":650,\"height\":119,\"caption\":\"Asociaci\u00f3n Creadores de Moda de Espa\u00f1a | ACME\"},\"image\":{\"@id\":\"https:\\\/\\\/creadores.org\\\/#\\\/schema\\\/logo\\\/image\\\/\"},\"sameAs\":[\"https:\\\/\\\/www.facebook.com\\\/Asociaci\u00f3n-Creadores-de-Moda-de-Espa\u00f1a-297009471514\\\/\",\"https:\\\/\\\/x.com\\\/creadoresacme\",\"https:\\\/\\\/www.instagram.com\\\/creadoresacme\\\/\"]},{\"@type\":\"Person\",\"@id\":\"https:\\\/\\\/creadores.org\\\/#\\\/schema\\\/person\\\/fdf61cde9f2e71e9cefe26613b50a079\",\"name\":\"Felipe\"}]}<\/script>\n<!-- \/ Yoast SEO plugin. -->","yoast_head_json":{"title":"SKFK lanza su primera colecci\u00f3n c\u00e1psula con certificaci\u00f3n FSC\u00ae: moda responsable desde el origen - Asociaci\u00f3n Creadores de Moda de Espa\u00f1a | ACME","robots":{"index":"index","follow":"follow","max-snippet":"max-snippet:-1","max-image-preview":"max-image-preview:large","max-video-preview":"max-video-preview:-1"},"canonical":"https:\/\/creadores.org\/?p=71222","og_locale":"es_ES","og_type":"article","og_title":"SKFK lanza su primera colecci\u00f3n c\u00e1psula con certificaci\u00f3n FSC\u00ae: moda responsable desde el origen - Asociaci\u00f3n Creadores de Moda de Espa\u00f1a | ACME","og_description":"La firma vasca SKFK refuerza su liderazgo en moda sostenible con el lanzamiento de su primera colecci\u00f3n c\u00e1psula certificada por FSC\u00ae (Forest Stewardship Council), organismo que garantiza una gesti\u00f3n responsable de los bosques en todo el mundo. Esta iniciativa posiciona a SKFK como la primera marca de moda espa\u00f1ola en adherirse al Fashion Forever Green [&hellip;]","og_url":"https:\/\/creadores.org\/?p=71222","og_site_name":"Asociaci\u00f3n Creadores de Moda de Espa\u00f1a | ACME","article_publisher":"https:\/\/www.facebook.com\/Asociaci%c3%b3n-Creadores-de-Moda-de-Espa%c3%b1a-297009471514\/","article_published_time":"2025-05-08T09:40:32+00:00","article_modified_time":"2025-06-21T10:52:37+00:00","og_image":[{"width":1200,"height":800,"url":"https:\/\/creadores.org\/wp-content\/uploads\/2025\/05\/SKFK-01-PORTADA-.jpg","type":"image\/jpeg"}],"author":"Felipe","twitter_card":"summary_large_image","twitter_creator":"@creadoresacme","twitter_site":"@creadoresacme","twitter_misc":{"Written by":"Felipe","Est. reading time":"2 minutos"},"schema":{"@context":"https:\/\/schema.org","@graph":[{"@type":"Article","@id":"https:\/\/creadores.org\/?p=71222#article","isPartOf":{"@id":"https:\/\/creadores.org\/?p=71222"},"author":{"name":"Felipe","@id":"https:\/\/creadores.org\/#\/schema\/person\/fdf61cde9f2e71e9cefe26613b50a079"},"headline":"SKFK lanza su primera colecci\u00f3n c\u00e1psula con certificaci\u00f3n FSC\u00ae: moda responsable desde el origen","datePublished":"2025-05-08T09:40:32+00:00","dateModified":"2025-06-21T10:52:37+00:00","mainEntityOfPage":{"@id":"https:\/\/creadores.org\/?p=71222"},"wordCount":353,"publisher":{"@id":"https:\/\/creadores.org\/#organization"},"image":{"@id":"https:\/\/creadores.org\/?p=71222#primaryimage"},"thumbnailUrl":"https:\/\/creadores.org\/wp-content\/uploads\/2025\/05\/SKFK-01-PORTADA-.jpg","keywords":["FSC","SKFK"],"articleSection":["Noticias"],"inLanguage":"es"},{"@type":"WebPage","@id":"https:\/\/creadores.org\/?p=71222","url":"https:\/\/creadores.org\/?p=71222","name":"SKFK lanza su primera colecci\u00f3n c\u00e1psula con certificaci\u00f3n FSC\u00ae: moda responsable desde el origen - Asociaci\u00f3n Creadores de Moda de Espa\u00f1a | ACME","isPartOf":{"@id":"https:\/\/creadores.org\/#website"},"primaryImageOfPage":{"@id":"https:\/\/creadores.org\/?p=71222#primaryimage"},"image":{"@id":"https:\/\/creadores.org\/?p=71222#primaryimage"},"thumbnailUrl":"https:\/\/creadores.org\/wp-content\/uploads\/2025\/05\/SKFK-01-PORTADA-.jpg","datePublished":"2025-05-08T09:40:32+00:00","dateModified":"2025-06-21T10:52:37+00:00","breadcrumb":{"@id":"https:\/\/creadores.org\/?p=71222#breadcrumb"},"inLanguage":"es","potentialAction":[{"@type":"ReadAction","target":["https:\/\/creadores.org\/?p=71222"]}]},{"@type":"ImageObject","inLanguage":"es","@id":"https:\/\/creadores.org\/?p=71222#primaryimage","url":"https:\/\/creadores.org\/wp-content\/uploads\/2025\/05\/SKFK-01-PORTADA-.jpg","contentUrl":"https:\/\/creadores.org\/wp-content\/uploads\/2025\/05\/SKFK-01-PORTADA-.jpg","width":1200,"height":800},{"@type":"BreadcrumbList","@id":"https:\/\/creadores.org\/?p=71222#breadcrumb","itemListElement":[{"@type":"ListItem","position":1,"name":"Portada","item":"https:\/\/creadores.org\/"},{"@type":"ListItem","position":2,"name":"SKFK lanza su primera colecci\u00f3n c\u00e1psula con certificaci\u00f3n FSC\u00ae: moda responsable desde el origen"}]},{"@type":"WebSite","@id":"https:\/\/creadores.org\/#website","url":"https:\/\/creadores.org\/","name":"Asociaci\u00f3n Creadores de Moda de Espa\u00f1a | ACME","description":"La Asociaci\u00f3n Creadores de Moda de Espa\u00f1a (ACME) es una organizaci\u00f3n profesional sin \u00e1nimo de lucro fundada en 1988","publisher":{"@id":"https:\/\/creadores.org\/#organization"},"potentialAction":[{"@type":"SearchAction","target":{"@type":"EntryPoint","urlTemplate":"https:\/\/creadores.org\/?s={search_term_string}"},"query-input":{"@type":"PropertyValueSpecification","valueRequired":true,"valueName":"search_term_string"}}],"inLanguage":"es"},{"@type":"Organization","@id":"https:\/\/creadores.org\/#organization","name":"Asociaci\u00f3n Creadores de Moda de Espa\u00f1a | ACME","url":"https:\/\/creadores.org\/","logo":{"@type":"ImageObject","inLanguage":"es","@id":"https:\/\/creadores.org\/#\/schema\/logo\/image\/","url":"https:\/\/creadores.org\/wp-content\/uploads\/2025\/06\/acme-logo.svg","contentUrl":"https:\/\/creadores.org\/wp-content\/uploads\/2025\/06\/acme-logo.svg","width":650,"height":119,"caption":"Asociaci\u00f3n Creadores de Moda de Espa\u00f1a | ACME"},"image":{"@id":"https:\/\/creadores.org\/#\/schema\/logo\/image\/"},"sameAs":["https:\/\/www.facebook.com\/Asociaci\u00f3n-Creadores-de-Moda-de-Espa\u00f1a-297009471514\/","https:\/\/x.com\/creadoresacme","https:\/\/www.instagram.com\/creadoresacme\/"]},{"@type":"Person","@id":"https:\/\/creadores.org\/#\/schema\/person\/fdf61cde9f2e71e9cefe26613b50a079","name":"Felipe"}]}},"_links":{"self":[{"href":"https:\/\/creadores.org\/index.php?rest_route=\/wp\/v2\/posts\/71222","targetHints":{"allow":["GET"]}}],"collection":[{"href":"https:\/\/creadores.org\/index.php?rest_route=\/wp\/v2\/posts"}],"about":[{"href":"https:\/\/creadores.org\/index.php?rest_route=\/wp\/v2\/types\/post"}],"author":[{"embeddable":true,"href":"https:\/\/creadores.org\/index.php?rest_route=\/wp\/v2\/users\/4"}],"replies":[{"embeddable":true,"href":"https:\/\/creadores.org\/index.php?rest_route=%2Fwp%2Fv2%2Fcomments&post=71222"}],"version-history":[{"count":1,"href":"https:\/\/creadores.org\/index.php?rest_route=\/wp\/v2\/posts\/71222\/revisions"}],"predecessor-version":[{"id":71652,"href":"https:\/\/creadores.org\/index.php?rest_route=\/wp\/v2\/posts\/71222\/revisions\/71652"}],"wp:featuredmedia":[{"embeddable":true,"href":"https:\/\/creadores.org\/index.php?rest_route=\/wp\/v2\/media\/71239"}],"wp:attachment":[{"href":"https:\/\/creadores.org\/index.php?rest_route=%2Fwp%2Fv2%2Fmedia&parent=71222"}],"wp:term":[{"taxonomy":"category","embeddable":true,"href":"https:\/\/creadores.org\/index.php?rest_route=%2Fwp%2Fv2%2Fcategories&post=71222"},{"taxonomy":"post_tag","embeddable":true,"href":"https:\/\/creadores.org\/index.php?rest_route=%2Fwp%2Fv2%2Ftags&post=71222"}],"curies":[{"name":"wp","href":"https:\/\/api.w.org\/{rel}","templated":true}]}}