{"id":71376,"date":"2025-05-27T09:55:21","date_gmt":"2025-05-27T07:55:21","guid":{"rendered":"https:\/\/creadores.org\/?p=71376"},"modified":"2025-06-21T12:52:39","modified_gmt":"2025-06-21T10:52:39","slug":"castilla-la-mancha-es-moda-talento-con-identidad","status":"publish","type":"post","link":"https:\/\/creadores.org\/castilla-la-mancha-es-moda-talento-con-identidad\/","title":{"rendered":"Castilla-La Mancha es Moda: talento con identidad"},"content":{"rendered":"<p>El patrimonio y la moda se han entrelazado con fuerza en la segunda edici\u00f3n de <a href=\"https:\/\/castillalamanchaesmoda.com\/\" target=\"_blank\" rel=\"noopener noreferrer nofollow\"><strong>Castilla-La Mancha es Moda<\/strong><\/a>, una cita que los d\u00edas 21 y 22 de mayo ha situado a Toledo como un referente del dise\u00f1o con ra\u00edz territorial, visi\u00f3n contempor\u00e1nea y vocaci\u00f3n internacional.<\/p>\n<p>En enclaves tan emblem\u00e1ticos como el Museo de Santa Cruz o la Puerta de Bisagra, el evento reuni\u00f3 a m\u00e1s de 30 dise\u00f1adores y artesanos con un objetivo com\u00fan: reivindicar la riqueza creativa de Castilla-La Mancha y visibilizar el talento emergente y consolidado de la regi\u00f3n.<\/p>\n<p>Entre los protagonistas tuvimos a <strong>tres creadores miembros de ACME<\/strong> que brillaron: Ulises M\u00e9rida, Raquel L\u00f3pez y F\u00e9lix Ramiro, cuya participaci\u00f3n no solo puso de manifiesto la pluralidad estil\u00edstica del territorio, sino tambi\u00e9n el peso creciente que tiene la moda regional dentro del mapa creativo nacional.<\/p>\n<ul>\n<li><a href=\"https:\/\/ulisesmerida.com\/\" target=\"_blank\" rel=\"noopener noreferrer nofollow\"><strong>Ulises M\u00e9rida<\/strong><\/a>, natural de Toledo, fue uno de los grandes anfitriones de la cita. Su propuesta destac\u00f3 por una elegancia fluida que fusiona herencia y modernidad con un lenguaje visual sobrio y emocional.<\/li>\n<li><a href=\"https:\/\/www.raquellopezatelier.com\/\" target=\"_blank\" rel=\"noopener noreferrer nofollow\"><strong>Raquel L\u00f3pez<\/strong><\/a>, referente en moda y dise\u00f1o nupcial, present\u00f3 una colecci\u00f3n que equilibr\u00f3 delicadeza y fuerza, con un gui\u00f1o constante a las t\u00e9cnicas artesanales que marcan su sello distintivo.<\/li>\n<li><a href=\"https:\/\/felixramiro.com\/\" target=\"_blank\" rel=\"noopener noreferrer nofollow\"><strong>F\u00e9lix Ramiro<\/strong><\/a>, con una dilatada trayectoria en la sastrer\u00eda masculina, clausur\u00f3 el evento con su colecci\u00f3n \u201cH\u00e9roes\u201d, un tributo al hombre contempor\u00e1neo a trav\u00e9s de cortes estructurados, tejidos nobles y siluetas potentes.<\/li>\n<\/ul>\n<p>El evento reafirma el papel de <strong>ACME<\/strong> como catalizador del talento local y como puente entre la identidad regional y las grandes plataformas de moda.<\/p>\n","protected":false},"excerpt":{"rendered":"<p>El patrimonio y la moda se han entrelazado con fuerza en la segunda edici\u00f3n de Castilla-La Mancha es Moda, una cita que los d\u00edas 21 y 22 de mayo ha situado a Toledo como un referente del dise\u00f1o con ra\u00edz territorial, visi\u00f3n contempor\u00e1nea y vocaci\u00f3n internacional. En enclaves tan emblem\u00e1ticos como el Museo de Santa [&hellip;]<\/p>\n","protected":false},"author":4,"featured_media":71377,"comment_status":"closed","ping_status":"closed","sticky":false,"template":"","format":"standard","meta":{"footnotes":""},"categories":[6],"tags":[1466,1467,1451,288],"class_list":["post-71376","post","type-post","status-publish","format-standard","has-post-thumbnail","hentry","category-noticias","tag-castilla-la-mancha-es-moda","tag-felix-ramiro","tag-raquel-lopez","tag-ulises-merida"],"yoast_head":"<!-- This site is optimized with the Yoast SEO plugin v28.4 - https:\/\/yoast.com\/product\/yoast-seo-wordpress\/ -->\n<title>Castilla-La Mancha es Moda: talento con identidad - Asociaci\u00f3n Creadores de Moda de Espa\u00f1a | ACME<\/title>\n<meta name=\"robots\" content=\"index, follow, max-snippet:-1, max-image-preview:large, max-video-preview:-1\" \/>\n<link rel=\"canonical\" href=\"https:\/\/creadores.org\/castilla-la-mancha-es-moda-talento-con-identidad\/\" \/>\n<meta property=\"og:locale\" content=\"es_ES\" \/>\n<meta property=\"og:type\" content=\"article\" \/>\n<meta property=\"og:title\" content=\"Castilla-La Mancha es Moda: talento con identidad - Asociaci\u00f3n Creadores de Moda de Espa\u00f1a | ACME\" \/>\n<meta property=\"og:description\" content=\"El patrimonio y la moda se han entrelazado con fuerza en la segunda edici\u00f3n de Castilla-La Mancha es Moda, una cita que los d\u00edas 21 y 22 de mayo ha situado a Toledo como un referente del dise\u00f1o con ra\u00edz territorial, visi\u00f3n contempor\u00e1nea y vocaci\u00f3n internacional. En enclaves tan emblem\u00e1ticos como el Museo de Santa [&hellip;]\" \/>\n<meta property=\"og:url\" content=\"https:\/\/creadores.org\/castilla-la-mancha-es-moda-talento-con-identidad\/\" \/>\n<meta property=\"og:site_name\" content=\"Asociaci\u00f3n Creadores de Moda de Espa\u00f1a | ACME\" \/>\n<meta property=\"article:publisher\" content=\"https:\/\/www.facebook.com\/Asociaci%c3%b3n-Creadores-de-Moda-de-Espa%c3%b1a-297009471514\/\" \/>\n<meta property=\"article:published_time\" content=\"2025-05-27T07:55:21+00:00\" \/>\n<meta property=\"article:modified_time\" content=\"2025-06-21T10:52:39+00:00\" \/>\n<meta property=\"og:image\" content=\"https:\/\/creadores.org\/wp-content\/uploads\/2025\/05\/Castilla-La-Mancha-es-Moda-portada.jpg\" \/>\n\t<meta property=\"og:image:width\" content=\"1200\" \/>\n\t<meta property=\"og:image:height\" content=\"801\" \/>\n\t<meta property=\"og:image:type\" content=\"image\/jpeg\" \/>\n<meta name=\"author\" content=\"Felipe\" \/>\n<meta name=\"twitter:card\" content=\"summary_large_image\" \/>\n<meta name=\"twitter:creator\" content=\"@creadoresacme\" \/>\n<meta name=\"twitter:site\" content=\"@creadoresacme\" \/>\n<meta name=\"twitter:label1\" content=\"Escrito por\" \/>\n\t<meta name=\"twitter:data1\" content=\"Felipe\" \/>\n\t<meta name=\"twitter:label2\" content=\"Tiempo de lectura\" \/>\n\t<meta name=\"twitter:data2\" content=\"2 minutos\" \/>\n<script type=\"application\/ld+json\" class=\"yoast-schema-graph\">{\"@context\":\"https:\\\/\\\/schema.org\",\"@graph\":[{\"@type\":\"Article\",\"@id\":\"https:\\\/\\\/creadores.org\\\/castilla-la-mancha-es-moda-talento-con-identidad\\\/#article\",\"isPartOf\":{\"@id\":\"https:\\\/\\\/creadores.org\\\/castilla-la-mancha-es-moda-talento-con-identidad\\\/\"},\"author\":{\"name\":\"Felipe\",\"@id\":\"https:\\\/\\\/creadores.org\\\/#\\\/schema\\\/person\\\/fdf61cde9f2e71e9cefe26613b50a079\"},\"headline\":\"Castilla-La Mancha es Moda: talento con identidad\",\"datePublished\":\"2025-05-27T07:55:21+00:00\",\"dateModified\":\"2025-06-21T10:52:39+00:00\",\"mainEntityOfPage\":{\"@id\":\"https:\\\/\\\/creadores.org\\\/castilla-la-mancha-es-moda-talento-con-identidad\\\/\"},\"wordCount\":291,\"publisher\":{\"@id\":\"https:\\\/\\\/creadores.org\\\/#organization\"},\"image\":{\"@id\":\"https:\\\/\\\/creadores.org\\\/castilla-la-mancha-es-moda-talento-con-identidad\\\/#primaryimage\"},\"thumbnailUrl\":\"https:\\\/\\\/creadores.org\\\/wp-content\\\/uploads\\\/2025\\\/05\\\/Castilla-La-Mancha-es-Moda-portada.jpg\",\"keywords\":[\"Castilla-La Mancha es Moda\",\"F\u00e9lix Ramiro\",\"Raquel L\u00f3pez\",\"Ulises M\u00e9rida\"],\"articleSection\":[\"Noticias\"],\"inLanguage\":\"es\"},{\"@type\":\"WebPage\",\"@id\":\"https:\\\/\\\/creadores.org\\\/castilla-la-mancha-es-moda-talento-con-identidad\\\/\",\"url\":\"https:\\\/\\\/creadores.org\\\/castilla-la-mancha-es-moda-talento-con-identidad\\\/\",\"name\":\"Castilla-La Mancha es Moda: talento con identidad - Asociaci\u00f3n Creadores de Moda de Espa\u00f1a | ACME\",\"isPartOf\":{\"@id\":\"https:\\\/\\\/creadores.org\\\/#website\"},\"primaryImageOfPage\":{\"@id\":\"https:\\\/\\\/creadores.org\\\/castilla-la-mancha-es-moda-talento-con-identidad\\\/#primaryimage\"},\"image\":{\"@id\":\"https:\\\/\\\/creadores.org\\\/castilla-la-mancha-es-moda-talento-con-identidad\\\/#primaryimage\"},\"thumbnailUrl\":\"https:\\\/\\\/creadores.org\\\/wp-content\\\/uploads\\\/2025\\\/05\\\/Castilla-La-Mancha-es-Moda-portada.jpg\",\"datePublished\":\"2025-05-27T07:55:21+00:00\",\"dateModified\":\"2025-06-21T10:52:39+00:00\",\"breadcrumb\":{\"@id\":\"https:\\\/\\\/creadores.org\\\/castilla-la-mancha-es-moda-talento-con-identidad\\\/#breadcrumb\"},\"inLanguage\":\"es\",\"potentialAction\":[{\"@type\":\"ReadAction\",\"target\":[\"https:\\\/\\\/creadores.org\\\/castilla-la-mancha-es-moda-talento-con-identidad\\\/\"]}]},{\"@type\":\"ImageObject\",\"inLanguage\":\"es\",\"@id\":\"https:\\\/\\\/creadores.org\\\/castilla-la-mancha-es-moda-talento-con-identidad\\\/#primaryimage\",\"url\":\"https:\\\/\\\/creadores.org\\\/wp-content\\\/uploads\\\/2025\\\/05\\\/Castilla-La-Mancha-es-Moda-portada.jpg\",\"contentUrl\":\"https:\\\/\\\/creadores.org\\\/wp-content\\\/uploads\\\/2025\\\/05\\\/Castilla-La-Mancha-es-Moda-portada.jpg\",\"width\":1200,\"height\":801},{\"@type\":\"BreadcrumbList\",\"@id\":\"https:\\\/\\\/creadores.org\\\/castilla-la-mancha-es-moda-talento-con-identidad\\\/#breadcrumb\",\"itemListElement\":[{\"@type\":\"ListItem\",\"position\":1,\"name\":\"Portada\",\"item\":\"https:\\\/\\\/creadores.org\\\/\"},{\"@type\":\"ListItem\",\"position\":2,\"name\":\"Castilla-La Mancha es Moda: talento con identidad\"}]},{\"@type\":\"WebSite\",\"@id\":\"https:\\\/\\\/creadores.org\\\/#website\",\"url\":\"https:\\\/\\\/creadores.org\\\/\",\"name\":\"Asociaci\u00f3n Creadores de Moda de Espa\u00f1a | ACME\",\"description\":\"La Asociaci\u00f3n Creadores de Moda de Espa\u00f1a (ACME) es una organizaci\u00f3n profesional sin \u00e1nimo de lucro fundada en 1988\",\"publisher\":{\"@id\":\"https:\\\/\\\/creadores.org\\\/#organization\"},\"potentialAction\":[{\"@type\":\"SearchAction\",\"target\":{\"@type\":\"EntryPoint\",\"urlTemplate\":\"https:\\\/\\\/creadores.org\\\/?s={search_term_string}\"},\"query-input\":{\"@type\":\"PropertyValueSpecification\",\"valueRequired\":true,\"valueName\":\"search_term_string\"}}],\"inLanguage\":\"es\"},{\"@type\":\"Organization\",\"@id\":\"https:\\\/\\\/creadores.org\\\/#organization\",\"name\":\"Asociaci\u00f3n Creadores de Moda de Espa\u00f1a | ACME\",\"url\":\"https:\\\/\\\/creadores.org\\\/\",\"logo\":{\"@type\":\"ImageObject\",\"inLanguage\":\"es\",\"@id\":\"https:\\\/\\\/creadores.org\\\/#\\\/schema\\\/logo\\\/image\\\/\",\"url\":\"https:\\\/\\\/creadores.org\\\/wp-content\\\/uploads\\\/2025\\\/06\\\/acme-logo.svg\",\"contentUrl\":\"https:\\\/\\\/creadores.org\\\/wp-content\\\/uploads\\\/2025\\\/06\\\/acme-logo.svg\",\"width\":650,\"height\":119,\"caption\":\"Asociaci\u00f3n Creadores de Moda de Espa\u00f1a | ACME\"},\"image\":{\"@id\":\"https:\\\/\\\/creadores.org\\\/#\\\/schema\\\/logo\\\/image\\\/\"},\"sameAs\":[\"https:\\\/\\\/www.facebook.com\\\/Asociaci\u00f3n-Creadores-de-Moda-de-Espa\u00f1a-297009471514\\\/\",\"https:\\\/\\\/x.com\\\/creadoresacme\",\"https:\\\/\\\/www.instagram.com\\\/creadoresacme\\\/\"]},{\"@type\":\"Person\",\"@id\":\"https:\\\/\\\/creadores.org\\\/#\\\/schema\\\/person\\\/fdf61cde9f2e71e9cefe26613b50a079\",\"name\":\"Felipe\"}]}<\/script>\n<!-- \/ Yoast SEO plugin. -->","yoast_head_json":{"title":"Castilla-La Mancha es Moda: talento con identidad - Asociaci\u00f3n Creadores de Moda de Espa\u00f1a | ACME","robots":{"index":"index","follow":"follow","max-snippet":"max-snippet:-1","max-image-preview":"max-image-preview:large","max-video-preview":"max-video-preview:-1"},"canonical":"https:\/\/creadores.org\/castilla-la-mancha-es-moda-talento-con-identidad\/","og_locale":"es_ES","og_type":"article","og_title":"Castilla-La Mancha es Moda: talento con identidad - Asociaci\u00f3n Creadores de Moda de Espa\u00f1a | ACME","og_description":"El patrimonio y la moda se han entrelazado con fuerza en la segunda edici\u00f3n de Castilla-La Mancha es Moda, una cita que los d\u00edas 21 y 22 de mayo ha situado a Toledo como un referente del dise\u00f1o con ra\u00edz territorial, visi\u00f3n contempor\u00e1nea y vocaci\u00f3n internacional. En enclaves tan emblem\u00e1ticos como el Museo de Santa [&hellip;]","og_url":"https:\/\/creadores.org\/castilla-la-mancha-es-moda-talento-con-identidad\/","og_site_name":"Asociaci\u00f3n Creadores de Moda de Espa\u00f1a | ACME","article_publisher":"https:\/\/www.facebook.com\/Asociaci%c3%b3n-Creadores-de-Moda-de-Espa%c3%b1a-297009471514\/","article_published_time":"2025-05-27T07:55:21+00:00","article_modified_time":"2025-06-21T10:52:39+00:00","og_image":[{"width":1200,"height":801,"url":"https:\/\/creadores.org\/wp-content\/uploads\/2025\/05\/Castilla-La-Mancha-es-Moda-portada.jpg","type":"image\/jpeg"}],"author":"Felipe","twitter_card":"summary_large_image","twitter_creator":"@creadoresacme","twitter_site":"@creadoresacme","twitter_misc":{"Escrito por":"Felipe","Tiempo de lectura":"2 minutos"},"schema":{"@context":"https:\/\/schema.org","@graph":[{"@type":"Article","@id":"https:\/\/creadores.org\/castilla-la-mancha-es-moda-talento-con-identidad\/#article","isPartOf":{"@id":"https:\/\/creadores.org\/castilla-la-mancha-es-moda-talento-con-identidad\/"},"author":{"name":"Felipe","@id":"https:\/\/creadores.org\/#\/schema\/person\/fdf61cde9f2e71e9cefe26613b50a079"},"headline":"Castilla-La Mancha es Moda: talento con identidad","datePublished":"2025-05-27T07:55:21+00:00","dateModified":"2025-06-21T10:52:39+00:00","mainEntityOfPage":{"@id":"https:\/\/creadores.org\/castilla-la-mancha-es-moda-talento-con-identidad\/"},"wordCount":291,"publisher":{"@id":"https:\/\/creadores.org\/#organization"},"image":{"@id":"https:\/\/creadores.org\/castilla-la-mancha-es-moda-talento-con-identidad\/#primaryimage"},"thumbnailUrl":"https:\/\/creadores.org\/wp-content\/uploads\/2025\/05\/Castilla-La-Mancha-es-Moda-portada.jpg","keywords":["Castilla-La Mancha es Moda","F\u00e9lix Ramiro","Raquel L\u00f3pez","Ulises M\u00e9rida"],"articleSection":["Noticias"],"inLanguage":"es"},{"@type":"WebPage","@id":"https:\/\/creadores.org\/castilla-la-mancha-es-moda-talento-con-identidad\/","url":"https:\/\/creadores.org\/castilla-la-mancha-es-moda-talento-con-identidad\/","name":"Castilla-La Mancha es Moda: talento con identidad - Asociaci\u00f3n Creadores de Moda de Espa\u00f1a | ACME","isPartOf":{"@id":"https:\/\/creadores.org\/#website"},"primaryImageOfPage":{"@id":"https:\/\/creadores.org\/castilla-la-mancha-es-moda-talento-con-identidad\/#primaryimage"},"image":{"@id":"https:\/\/creadores.org\/castilla-la-mancha-es-moda-talento-con-identidad\/#primaryimage"},"thumbnailUrl":"https:\/\/creadores.org\/wp-content\/uploads\/2025\/05\/Castilla-La-Mancha-es-Moda-portada.jpg","datePublished":"2025-05-27T07:55:21+00:00","dateModified":"2025-06-21T10:52:39+00:00","breadcrumb":{"@id":"https:\/\/creadores.org\/castilla-la-mancha-es-moda-talento-con-identidad\/#breadcrumb"},"inLanguage":"es","potentialAction":[{"@type":"ReadAction","target":["https:\/\/creadores.org\/castilla-la-mancha-es-moda-talento-con-identidad\/"]}]},{"@type":"ImageObject","inLanguage":"es","@id":"https:\/\/creadores.org\/castilla-la-mancha-es-moda-talento-con-identidad\/#primaryimage","url":"https:\/\/creadores.org\/wp-content\/uploads\/2025\/05\/Castilla-La-Mancha-es-Moda-portada.jpg","contentUrl":"https:\/\/creadores.org\/wp-content\/uploads\/2025\/05\/Castilla-La-Mancha-es-Moda-portada.jpg","width":1200,"height":801},{"@type":"BreadcrumbList","@id":"https:\/\/creadores.org\/castilla-la-mancha-es-moda-talento-con-identidad\/#breadcrumb","itemListElement":[{"@type":"ListItem","position":1,"name":"Portada","item":"https:\/\/creadores.org\/"},{"@type":"ListItem","position":2,"name":"Castilla-La Mancha es Moda: talento con identidad"}]},{"@type":"WebSite","@id":"https:\/\/creadores.org\/#website","url":"https:\/\/creadores.org\/","name":"Asociaci\u00f3n Creadores de Moda de Espa\u00f1a | ACME","description":"La Asociaci\u00f3n Creadores de Moda de Espa\u00f1a (ACME) es una organizaci\u00f3n profesional sin \u00e1nimo de lucro fundada en 1988","publisher":{"@id":"https:\/\/creadores.org\/#organization"},"potentialAction":[{"@type":"SearchAction","target":{"@type":"EntryPoint","urlTemplate":"https:\/\/creadores.org\/?s={search_term_string}"},"query-input":{"@type":"PropertyValueSpecification","valueRequired":true,"valueName":"search_term_string"}}],"inLanguage":"es"},{"@type":"Organization","@id":"https:\/\/creadores.org\/#organization","name":"Asociaci\u00f3n Creadores de Moda de Espa\u00f1a | ACME","url":"https:\/\/creadores.org\/","logo":{"@type":"ImageObject","inLanguage":"es","@id":"https:\/\/creadores.org\/#\/schema\/logo\/image\/","url":"https:\/\/creadores.org\/wp-content\/uploads\/2025\/06\/acme-logo.svg","contentUrl":"https:\/\/creadores.org\/wp-content\/uploads\/2025\/06\/acme-logo.svg","width":650,"height":119,"caption":"Asociaci\u00f3n Creadores de Moda de Espa\u00f1a | ACME"},"image":{"@id":"https:\/\/creadores.org\/#\/schema\/logo\/image\/"},"sameAs":["https:\/\/www.facebook.com\/Asociaci\u00f3n-Creadores-de-Moda-de-Espa\u00f1a-297009471514\/","https:\/\/x.com\/creadoresacme","https:\/\/www.instagram.com\/creadoresacme\/"]},{"@type":"Person","@id":"https:\/\/creadores.org\/#\/schema\/person\/fdf61cde9f2e71e9cefe26613b50a079","name":"Felipe"}]}},"_links":{"self":[{"href":"https:\/\/creadores.org\/wp-json\/wp\/v2\/posts\/71376","targetHints":{"allow":["GET"]}}],"collection":[{"href":"https:\/\/creadores.org\/wp-json\/wp\/v2\/posts"}],"about":[{"href":"https:\/\/creadores.org\/wp-json\/wp\/v2\/types\/post"}],"author":[{"embeddable":true,"href":"https:\/\/creadores.org\/wp-json\/wp\/v2\/users\/4"}],"replies":[{"embeddable":true,"href":"https:\/\/creadores.org\/wp-json\/wp\/v2\/comments?post=71376"}],"version-history":[{"count":1,"href":"https:\/\/creadores.org\/wp-json\/wp\/v2\/posts\/71376\/revisions"}],"predecessor-version":[{"id":71648,"href":"https:\/\/creadores.org\/wp-json\/wp\/v2\/posts\/71376\/revisions\/71648"}],"wp:featuredmedia":[{"embeddable":true,"href":"https:\/\/creadores.org\/wp-json\/wp\/v2\/media\/71377"}],"wp:attachment":[{"href":"https:\/\/creadores.org\/wp-json\/wp\/v2\/media?parent=71376"}],"wp:term":[{"taxonomy":"category","embeddable":true,"href":"https:\/\/creadores.org\/wp-json\/wp\/v2\/categories?post=71376"},{"taxonomy":"post_tag","embeddable":true,"href":"https:\/\/creadores.org\/wp-json\/wp\/v2\/tags?post=71376"}],"curies":[{"name":"wp","href":"https:\/\/api.w.org\/{rel}","templated":true}]}}