{"id":93644,"date":"2026-03-16T18:30:33","date_gmt":"2026-03-16T17:30:33","guid":{"rendered":"https:\/\/creadores.org\/?p=93644"},"modified":"2026-03-16T19:37:37","modified_gmt":"2026-03-16T18:37:37","slug":"pilar-dalbat-entre-terciopelo-y-musica","status":"publish","type":"post","link":"https:\/\/creadores.org\/?p=93644","title":{"rendered":"Pilar Dalbat: entre terciopelo y m\u00fasica"},"content":{"rendered":"<p>Entre m\u00fasica barroca y terciopelo negro se despliega <em><strong>Palco<\/strong><\/em>. <a href=\"https:\/\/creadores.org\/asociados\/pilar-dalbat\/\"><strong>Pilar Dalbat<\/strong><\/a> ha presentado en <a href=\"https:\/\/creadores.org\/categoria\/noticias\/noticias-de-madrid-es-moda\/\"><strong>OMODA Madrid es Moda<\/strong><\/a> su colecci\u00f3n oto\u00f1o-invierno 2026\/2027. Fiel a su v\u00ednculo con el <strong>COAM, Colegio Oficial de Arquitectos de Madrid<\/strong>, espacio que acompa\u00f1a habitualmente sus presentaciones en la capital, la dise\u00f1adora vuelve a este enclave para desplegar una propuesta concebida como experiencia esc\u00e9nica. La colecci\u00f3n establece un di\u00e1logo con el <strong>75 aniversario del Festival Internacional de M\u00fasica y Danza de Granada<\/strong> y con la dimensi\u00f3n cultural de la <strong>Alhambra<\/strong>, donde m\u00fasica, arquitectura y moda comparten un mismo imaginario.<\/p>\n<p>La presentaci\u00f3n ha reunido 28 looks y se ha organizado como un dispositivo h\u00edbrido. Una veintena de piezas se integran en el espacio sobre maniqu\u00edes que conviven con los invitados mientras el contratenor <strong>Carlos Mena<\/strong> interpreta un repertorio barroco. El resto aparece encarnado por modelos, musas y amigas de la firma \u2014entre ellas <strong>Palito Domingu\u00edn<\/strong>, <strong>Pino Montesdeoca<\/strong> o <strong>Irina Cacherina<\/strong>\u2014 que atraviesan el espacio como presencias vivas del relato.<\/p>\n<p>La colecci\u00f3n traslada esa atm\u00f3sfera teatral al vestuario. El negro domina la escena y se combina con chocolate, crema y rosa. Capas largas, faldas XL y vestidos de terciopelo negro y oro conviven con abrigos y chaquetones joya de pa\u00f1o cashmere. Bordados manuales con cristal, abalorios y canutillo recorren las superficies, mientras el pelo de mut\u00f3n introduce una dimensi\u00f3n t\u00e1ctil que intensifica el car\u00e1cter esc\u00e9nico de las piezas.<\/p>\n","protected":false},"excerpt":{"rendered":"<p>Entre m\u00fasica barroca y terciopelo negro se despliega Palco. Pilar Dalbat ha presentado en OMODA Madrid es Moda su colecci\u00f3n oto\u00f1o-invierno 2026\/2027. Fiel a su v\u00ednculo con el COAM, Colegio Oficial de Arquitectos de Madrid, espacio que acompa\u00f1a habitualmente sus presentaciones en la capital, la dise\u00f1adora vuelve a este enclave para desplegar una propuesta concebida [&hellip;]<\/p>\n","protected":false},"author":4,"featured_media":94432,"comment_status":"closed","ping_status":"closed","sticky":false,"template":"","format":"standard","meta":{"footnotes":""},"categories":[698,1447],"tags":[],"class_list":["post-93644","post","type-post","status-publish","format-standard","has-post-thumbnail","hentry","category-noticias-de-madrid-es-moda","category-otono-invierno-2026"],"yoast_head":"<!-- This site is optimized with the Yoast SEO plugin v28.3 - https:\/\/yoast.com\/product\/yoast-seo-wordpress\/ -->\n<title>Pilar Dalbat: entre terciopelo y m\u00fasica - Asociaci\u00f3n Creadores de Moda de Espa\u00f1a | ACME<\/title>\n<meta name=\"robots\" content=\"index, follow, max-snippet:-1, max-image-preview:large, max-video-preview:-1\" \/>\n<link rel=\"canonical\" href=\"https:\/\/creadores.org\/?p=93644\" \/>\n<meta property=\"og:locale\" content=\"es_ES\" \/>\n<meta property=\"og:type\" content=\"article\" \/>\n<meta property=\"og:title\" content=\"Pilar Dalbat: entre terciopelo y m\u00fasica - Asociaci\u00f3n Creadores de Moda de Espa\u00f1a | ACME\" \/>\n<meta property=\"og:description\" content=\"Entre m\u00fasica barroca y terciopelo negro se despliega Palco. Pilar Dalbat ha presentado en OMODA Madrid es Moda su colecci\u00f3n oto\u00f1o-invierno 2026\/2027. Fiel a su v\u00ednculo con el COAM, Colegio Oficial de Arquitectos de Madrid, espacio que acompa\u00f1a habitualmente sus presentaciones en la capital, la dise\u00f1adora vuelve a este enclave para desplegar una propuesta concebida [&hellip;]\" \/>\n<meta property=\"og:url\" content=\"https:\/\/creadores.org\/?p=93644\" \/>\n<meta property=\"og:site_name\" content=\"Asociaci\u00f3n Creadores de Moda de Espa\u00f1a | ACME\" \/>\n<meta property=\"article:publisher\" content=\"https:\/\/www.facebook.com\/Asociaci%c3%b3n-Creadores-de-Moda-de-Espa%c3%b1a-297009471514\/\" \/>\n<meta property=\"article:published_time\" content=\"2026-03-16T17:30:33+00:00\" \/>\n<meta property=\"article:modified_time\" content=\"2026-03-16T18:37:37+00:00\" \/>\n<meta property=\"og:image\" content=\"https:\/\/creadores.org\/wp-content\/uploads\/2026\/03\/web-pilar-dalbat-omem-0326-0023.jpg\" \/>\n\t<meta property=\"og:image:width\" content=\"1080\" \/>\n\t<meta property=\"og:image:height\" content=\"718\" \/>\n\t<meta property=\"og:image:type\" content=\"image\/jpeg\" \/>\n<meta name=\"author\" content=\"Felipe\" \/>\n<meta name=\"twitter:card\" content=\"summary_large_image\" \/>\n<meta name=\"twitter:creator\" content=\"@creadoresacme\" \/>\n<meta name=\"twitter:site\" content=\"@creadoresacme\" \/>\n<meta name=\"twitter:label1\" content=\"Written by\" \/>\n\t<meta name=\"twitter:data1\" content=\"Felipe\" \/>\n\t<meta name=\"twitter:label2\" content=\"Est. reading time\" \/>\n\t<meta name=\"twitter:data2\" content=\"2 minutos\" \/>\n<script type=\"application\/ld+json\" class=\"yoast-schema-graph\">{\"@context\":\"https:\\\/\\\/schema.org\",\"@graph\":[{\"@type\":\"Article\",\"@id\":\"https:\\\/\\\/creadores.org\\\/?p=93644#article\",\"isPartOf\":{\"@id\":\"https:\\\/\\\/creadores.org\\\/?p=93644\"},\"author\":{\"name\":\"Felipe\",\"@id\":\"https:\\\/\\\/creadores.org\\\/#\\\/schema\\\/person\\\/fdf61cde9f2e71e9cefe26613b50a079\"},\"headline\":\"Pilar Dalbat: entre terciopelo y m\u00fasica\",\"datePublished\":\"2026-03-16T17:30:33+00:00\",\"dateModified\":\"2026-03-16T18:37:37+00:00\",\"mainEntityOfPage\":{\"@id\":\"https:\\\/\\\/creadores.org\\\/?p=93644\"},\"wordCount\":258,\"publisher\":{\"@id\":\"https:\\\/\\\/creadores.org\\\/#organization\"},\"image\":{\"@id\":\"https:\\\/\\\/creadores.org\\\/?p=93644#primaryimage\"},\"thumbnailUrl\":\"https:\\\/\\\/creadores.org\\\/wp-content\\\/uploads\\\/2026\\\/03\\\/web-pilar-dalbat-omem-0326-0023.jpg\",\"articleSection\":[\"Madrid es Moda\",\"Oto\u00f1o-Invierno 2026\"],\"inLanguage\":\"es\"},{\"@type\":\"WebPage\",\"@id\":\"https:\\\/\\\/creadores.org\\\/?p=93644\",\"url\":\"https:\\\/\\\/creadores.org\\\/?p=93644\",\"name\":\"Pilar Dalbat: entre terciopelo y m\u00fasica - Asociaci\u00f3n Creadores de Moda de Espa\u00f1a | ACME\",\"isPartOf\":{\"@id\":\"https:\\\/\\\/creadores.org\\\/#website\"},\"primaryImageOfPage\":{\"@id\":\"https:\\\/\\\/creadores.org\\\/?p=93644#primaryimage\"},\"image\":{\"@id\":\"https:\\\/\\\/creadores.org\\\/?p=93644#primaryimage\"},\"thumbnailUrl\":\"https:\\\/\\\/creadores.org\\\/wp-content\\\/uploads\\\/2026\\\/03\\\/web-pilar-dalbat-omem-0326-0023.jpg\",\"datePublished\":\"2026-03-16T17:30:33+00:00\",\"dateModified\":\"2026-03-16T18:37:37+00:00\",\"breadcrumb\":{\"@id\":\"https:\\\/\\\/creadores.org\\\/?p=93644#breadcrumb\"},\"inLanguage\":\"es\",\"potentialAction\":[{\"@type\":\"ReadAction\",\"target\":[\"https:\\\/\\\/creadores.org\\\/?p=93644\"]}]},{\"@type\":\"ImageObject\",\"inLanguage\":\"es\",\"@id\":\"https:\\\/\\\/creadores.org\\\/?p=93644#primaryimage\",\"url\":\"https:\\\/\\\/creadores.org\\\/wp-content\\\/uploads\\\/2026\\\/03\\\/web-pilar-dalbat-omem-0326-0023.jpg\",\"contentUrl\":\"https:\\\/\\\/creadores.org\\\/wp-content\\\/uploads\\\/2026\\\/03\\\/web-pilar-dalbat-omem-0326-0023.jpg\",\"width\":1080,\"height\":718},{\"@type\":\"BreadcrumbList\",\"@id\":\"https:\\\/\\\/creadores.org\\\/?p=93644#breadcrumb\",\"itemListElement\":[{\"@type\":\"ListItem\",\"position\":1,\"name\":\"Portada\",\"item\":\"https:\\\/\\\/creadores.org\\\/\"},{\"@type\":\"ListItem\",\"position\":2,\"name\":\"Pilar Dalbat: entre terciopelo y m\u00fasica\"}]},{\"@type\":\"WebSite\",\"@id\":\"https:\\\/\\\/creadores.org\\\/#website\",\"url\":\"https:\\\/\\\/creadores.org\\\/\",\"name\":\"Asociaci\u00f3n Creadores de Moda de Espa\u00f1a | ACME\",\"description\":\"La Asociaci\u00f3n Creadores de Moda de Espa\u00f1a (ACME) es una organizaci\u00f3n profesional sin \u00e1nimo de lucro fundada en 1988\",\"publisher\":{\"@id\":\"https:\\\/\\\/creadores.org\\\/#organization\"},\"potentialAction\":[{\"@type\":\"SearchAction\",\"target\":{\"@type\":\"EntryPoint\",\"urlTemplate\":\"https:\\\/\\\/creadores.org\\\/?s={search_term_string}\"},\"query-input\":{\"@type\":\"PropertyValueSpecification\",\"valueRequired\":true,\"valueName\":\"search_term_string\"}}],\"inLanguage\":\"es\"},{\"@type\":\"Organization\",\"@id\":\"https:\\\/\\\/creadores.org\\\/#organization\",\"name\":\"Asociaci\u00f3n Creadores de Moda de Espa\u00f1a | ACME\",\"url\":\"https:\\\/\\\/creadores.org\\\/\",\"logo\":{\"@type\":\"ImageObject\",\"inLanguage\":\"es\",\"@id\":\"https:\\\/\\\/creadores.org\\\/#\\\/schema\\\/logo\\\/image\\\/\",\"url\":\"https:\\\/\\\/creadores.org\\\/wp-content\\\/uploads\\\/2025\\\/06\\\/acme-logo.svg\",\"contentUrl\":\"https:\\\/\\\/creadores.org\\\/wp-content\\\/uploads\\\/2025\\\/06\\\/acme-logo.svg\",\"width\":650,\"height\":119,\"caption\":\"Asociaci\u00f3n Creadores de Moda de Espa\u00f1a | ACME\"},\"image\":{\"@id\":\"https:\\\/\\\/creadores.org\\\/#\\\/schema\\\/logo\\\/image\\\/\"},\"sameAs\":[\"https:\\\/\\\/www.facebook.com\\\/Asociaci\u00f3n-Creadores-de-Moda-de-Espa\u00f1a-297009471514\\\/\",\"https:\\\/\\\/x.com\\\/creadoresacme\",\"https:\\\/\\\/www.instagram.com\\\/creadoresacme\\\/\"]},{\"@type\":\"Person\",\"@id\":\"https:\\\/\\\/creadores.org\\\/#\\\/schema\\\/person\\\/fdf61cde9f2e71e9cefe26613b50a079\",\"name\":\"Felipe\"}]}<\/script>\n<!-- \/ Yoast SEO plugin. -->","yoast_head_json":{"title":"Pilar Dalbat: entre terciopelo y m\u00fasica - Asociaci\u00f3n Creadores de Moda de Espa\u00f1a | ACME","robots":{"index":"index","follow":"follow","max-snippet":"max-snippet:-1","max-image-preview":"max-image-preview:large","max-video-preview":"max-video-preview:-1"},"canonical":"https:\/\/creadores.org\/?p=93644","og_locale":"es_ES","og_type":"article","og_title":"Pilar Dalbat: entre terciopelo y m\u00fasica - Asociaci\u00f3n Creadores de Moda de Espa\u00f1a | ACME","og_description":"Entre m\u00fasica barroca y terciopelo negro se despliega Palco. Pilar Dalbat ha presentado en OMODA Madrid es Moda su colecci\u00f3n oto\u00f1o-invierno 2026\/2027. Fiel a su v\u00ednculo con el COAM, Colegio Oficial de Arquitectos de Madrid, espacio que acompa\u00f1a habitualmente sus presentaciones en la capital, la dise\u00f1adora vuelve a este enclave para desplegar una propuesta concebida [&hellip;]","og_url":"https:\/\/creadores.org\/?p=93644","og_site_name":"Asociaci\u00f3n Creadores de Moda de Espa\u00f1a | ACME","article_publisher":"https:\/\/www.facebook.com\/Asociaci%c3%b3n-Creadores-de-Moda-de-Espa%c3%b1a-297009471514\/","article_published_time":"2026-03-16T17:30:33+00:00","article_modified_time":"2026-03-16T18:37:37+00:00","og_image":[{"width":1080,"height":718,"url":"https:\/\/creadores.org\/wp-content\/uploads\/2026\/03\/web-pilar-dalbat-omem-0326-0023.jpg","type":"image\/jpeg"}],"author":"Felipe","twitter_card":"summary_large_image","twitter_creator":"@creadoresacme","twitter_site":"@creadoresacme","twitter_misc":{"Written by":"Felipe","Est. reading time":"2 minutos"},"schema":{"@context":"https:\/\/schema.org","@graph":[{"@type":"Article","@id":"https:\/\/creadores.org\/?p=93644#article","isPartOf":{"@id":"https:\/\/creadores.org\/?p=93644"},"author":{"name":"Felipe","@id":"https:\/\/creadores.org\/#\/schema\/person\/fdf61cde9f2e71e9cefe26613b50a079"},"headline":"Pilar Dalbat: entre terciopelo y m\u00fasica","datePublished":"2026-03-16T17:30:33+00:00","dateModified":"2026-03-16T18:37:37+00:00","mainEntityOfPage":{"@id":"https:\/\/creadores.org\/?p=93644"},"wordCount":258,"publisher":{"@id":"https:\/\/creadores.org\/#organization"},"image":{"@id":"https:\/\/creadores.org\/?p=93644#primaryimage"},"thumbnailUrl":"https:\/\/creadores.org\/wp-content\/uploads\/2026\/03\/web-pilar-dalbat-omem-0326-0023.jpg","articleSection":["Madrid es Moda","Oto\u00f1o-Invierno 2026"],"inLanguage":"es"},{"@type":"WebPage","@id":"https:\/\/creadores.org\/?p=93644","url":"https:\/\/creadores.org\/?p=93644","name":"Pilar Dalbat: entre terciopelo y m\u00fasica - Asociaci\u00f3n Creadores de Moda de Espa\u00f1a | ACME","isPartOf":{"@id":"https:\/\/creadores.org\/#website"},"primaryImageOfPage":{"@id":"https:\/\/creadores.org\/?p=93644#primaryimage"},"image":{"@id":"https:\/\/creadores.org\/?p=93644#primaryimage"},"thumbnailUrl":"https:\/\/creadores.org\/wp-content\/uploads\/2026\/03\/web-pilar-dalbat-omem-0326-0023.jpg","datePublished":"2026-03-16T17:30:33+00:00","dateModified":"2026-03-16T18:37:37+00:00","breadcrumb":{"@id":"https:\/\/creadores.org\/?p=93644#breadcrumb"},"inLanguage":"es","potentialAction":[{"@type":"ReadAction","target":["https:\/\/creadores.org\/?p=93644"]}]},{"@type":"ImageObject","inLanguage":"es","@id":"https:\/\/creadores.org\/?p=93644#primaryimage","url":"https:\/\/creadores.org\/wp-content\/uploads\/2026\/03\/web-pilar-dalbat-omem-0326-0023.jpg","contentUrl":"https:\/\/creadores.org\/wp-content\/uploads\/2026\/03\/web-pilar-dalbat-omem-0326-0023.jpg","width":1080,"height":718},{"@type":"BreadcrumbList","@id":"https:\/\/creadores.org\/?p=93644#breadcrumb","itemListElement":[{"@type":"ListItem","position":1,"name":"Portada","item":"https:\/\/creadores.org\/"},{"@type":"ListItem","position":2,"name":"Pilar Dalbat: entre terciopelo y m\u00fasica"}]},{"@type":"WebSite","@id":"https:\/\/creadores.org\/#website","url":"https:\/\/creadores.org\/","name":"Asociaci\u00f3n Creadores de Moda de Espa\u00f1a | ACME","description":"La Asociaci\u00f3n Creadores de Moda de Espa\u00f1a (ACME) es una organizaci\u00f3n profesional sin \u00e1nimo de lucro fundada en 1988","publisher":{"@id":"https:\/\/creadores.org\/#organization"},"potentialAction":[{"@type":"SearchAction","target":{"@type":"EntryPoint","urlTemplate":"https:\/\/creadores.org\/?s={search_term_string}"},"query-input":{"@type":"PropertyValueSpecification","valueRequired":true,"valueName":"search_term_string"}}],"inLanguage":"es"},{"@type":"Organization","@id":"https:\/\/creadores.org\/#organization","name":"Asociaci\u00f3n Creadores de Moda de Espa\u00f1a | ACME","url":"https:\/\/creadores.org\/","logo":{"@type":"ImageObject","inLanguage":"es","@id":"https:\/\/creadores.org\/#\/schema\/logo\/image\/","url":"https:\/\/creadores.org\/wp-content\/uploads\/2025\/06\/acme-logo.svg","contentUrl":"https:\/\/creadores.org\/wp-content\/uploads\/2025\/06\/acme-logo.svg","width":650,"height":119,"caption":"Asociaci\u00f3n Creadores de Moda de Espa\u00f1a | ACME"},"image":{"@id":"https:\/\/creadores.org\/#\/schema\/logo\/image\/"},"sameAs":["https:\/\/www.facebook.com\/Asociaci\u00f3n-Creadores-de-Moda-de-Espa\u00f1a-297009471514\/","https:\/\/x.com\/creadoresacme","https:\/\/www.instagram.com\/creadoresacme\/"]},{"@type":"Person","@id":"https:\/\/creadores.org\/#\/schema\/person\/fdf61cde9f2e71e9cefe26613b50a079","name":"Felipe"}]}},"_links":{"self":[{"href":"https:\/\/creadores.org\/index.php?rest_route=\/wp\/v2\/posts\/93644","targetHints":{"allow":["GET"]}}],"collection":[{"href":"https:\/\/creadores.org\/index.php?rest_route=\/wp\/v2\/posts"}],"about":[{"href":"https:\/\/creadores.org\/index.php?rest_route=\/wp\/v2\/types\/post"}],"author":[{"embeddable":true,"href":"https:\/\/creadores.org\/index.php?rest_route=\/wp\/v2\/users\/4"}],"replies":[{"embeddable":true,"href":"https:\/\/creadores.org\/index.php?rest_route=%2Fwp%2Fv2%2Fcomments&post=93644"}],"version-history":[{"count":4,"href":"https:\/\/creadores.org\/index.php?rest_route=\/wp\/v2\/posts\/93644\/revisions"}],"predecessor-version":[{"id":94430,"href":"https:\/\/creadores.org\/index.php?rest_route=\/wp\/v2\/posts\/93644\/revisions\/94430"}],"wp:featuredmedia":[{"embeddable":true,"href":"https:\/\/creadores.org\/index.php?rest_route=\/wp\/v2\/media\/94432"}],"wp:attachment":[{"href":"https:\/\/creadores.org\/index.php?rest_route=%2Fwp%2Fv2%2Fmedia&parent=93644"}],"wp:term":[{"taxonomy":"category","embeddable":true,"href":"https:\/\/creadores.org\/index.php?rest_route=%2Fwp%2Fv2%2Fcategories&post=93644"},{"taxonomy":"post_tag","embeddable":true,"href":"https:\/\/creadores.org\/index.php?rest_route=%2Fwp%2Fv2%2Ftags&post=93644"}],"curies":[{"name":"wp","href":"https:\/\/api.w.org\/{rel}","templated":true}]}}